{"id":95674,"date":"2019-05-19T12:55:16","date_gmt":"2019-05-19T15:55:16","guid":{"rendered":"http:\/\/www.caririemacao.com\/1\/?p=95674"},"modified":"2019-05-19T12:58:33","modified_gmt":"2019-05-19T15:58:33","slug":"cobertura-cec-educacional-realiza-formatura-de-tecnicos-de-enfermagem","status":"publish","type":"post","link":"https:\/\/www.caririemacao.com\/1\/2019\/05\/19\/cobertura-cec-educacional-realiza-formatura-de-tecnicos-de-enfermagem\/","title":{"rendered":"COBERTURA: CEC Educacional realiza formatura de t\u00e9cnicos de enfermagem"},"content":{"rendered":"\n<p>O CEC Educacional do Cariri realizou na noite deste s\u00e1bado, dia 18, no Centro Cultural Alexandre da Silva Brito, em Monteiro\/PB a formatura de novos 25 t\u00e9cnicos em enfermagem. O evento contou com a participa\u00e7\u00e3o de familiares e amigos dos formandos, bem como de professores e funcion\u00e1rios do CEC Educacional, e autoridades locais.<\/p>\n\n\n\n<p>O diretor do CEC Educacional, C\u00edcero Roberto, parabenizou as\nfam\u00edlias e seu envolvimento na organiza\u00e7\u00e3o da festa de formatura dos alunos e agradeceu\na todos os alunos e aos profissionais que fazem o CEC Educacional. &nbsp;Ele destacou que esta formatura \u00e9 apenas de uma turma e que a formatura das demais turmas ser\u00e1 realizada no m\u00eas de junho.<\/p>\n\n\n\n<p>C\u00edcero enfatizou que ser\u00e1 aberto em breve o CEC Kid para as crian\u00e7as de 6 meses \u00e0 6 anos estudarem de forma integral na escola e a FACEC, uma faculdade que oferecer\u00e1, inicialmente, cursos superior de Enfermagem,  Psicologia e Pedagogia.<\/p>\n\n\n\n<p>J\u00e1 em rela\u00e7\u00e3o aos polos, ele disse que ser\u00e1 inaugurado uma unidade do CEC na cidade de Inaj\u00e1, no Sert\u00e3o do Moxot\u00f3, j\u00e1 fazendo divisa com o Estado de Alagoas. &#8220;A instala\u00e7\u00e3o do CEC em Inaj\u00e1 \u00e9 o resultado da pol\u00edtica de expans\u00e3o da nossa empresa e a valoriza\u00e7\u00e3o do prefeito da cidade de Inaj\u00e1,  <br>Adilson Tim\u00f3teo, que atrav\u00e9s de uma parceria firmado entre a Prefeitura Municipal e o CEC que vai oferecer cursos profissionalizantes e superior na cidade&#8221;, destacou.<\/p>\n\n\n\n<p><strong><a href=\"https:\/\/www.facebook.com\/pg\/CaririEmAcao\/photos\/?tab=album&amp;album_id=1549715705164447\">CLIQUE AQUI E VEJA TODAS AS FOTOS.<\/a><\/strong><\/p>\n","protected":false},"excerpt":{"rendered":"<p>O CEC Educacional do Cariri realizou na noite deste s\u00e1bado, dia 18, no Centro Cultural Alexandre da Silva Brito, em Monteiro\/PB a formatura de novos&hellip; <\/p>\n","protected":false},"author":2,"featured_media":95675,"comment_status":"closed","ping_status":"closed","sticky":false,"template":"","format":"standard","meta":{"sfsi_plus_gutenberg_text_before_share":"","sfsi_plus_gutenberg_show_text_before_share":"","sfsi_plus_gutenberg_icon_type":"","sfsi_plus_gutenberg_icon_alignemt":"","sfsi_plus_gutenburg_max_per_row":"","footnotes":""},"categories":[50,14],"tags":[],"class_list":["post-95674","post","type-post","status-publish","format-standard","has-post-thumbnail","hentry","category-destaque","category-educacao"],"_links":{"self":[{"href":"https:\/\/www.caririemacao.com\/1\/wp-json\/wp\/v2\/posts\/95674","targetHints":{"allow":["GET"]}}],"collection":[{"href":"https:\/\/www.caririemacao.com\/1\/wp-json\/wp\/v2\/posts"}],"about":[{"href":"https:\/\/www.caririemacao.com\/1\/wp-json\/wp\/v2\/types\/post"}],"author":[{"embeddable":true,"href":"https:\/\/www.caririemacao.com\/1\/wp-json\/wp\/v2\/users\/2"}],"replies":[{"embeddable":true,"href":"https:\/\/www.caririemacao.com\/1\/wp-json\/wp\/v2\/comments?post=95674"}],"version-history":[{"count":3,"href":"https:\/\/www.caririemacao.com\/1\/wp-json\/wp\/v2\/posts\/95674\/revisions"}],"predecessor-version":[{"id":95688,"href":"https:\/\/www.caririemacao.com\/1\/wp-json\/wp\/v2\/posts\/95674\/revisions\/95688"}],"wp:featuredmedia":[{"embeddable":true,"href":"https:\/\/www.caririemacao.com\/1\/wp-json\/wp\/v2\/media\/95675"}],"wp:attachment":[{"href":"https:\/\/www.caririemacao.com\/1\/wp-json\/wp\/v2\/media?parent=95674"}],"wp:term":[{"taxonomy":"category","embeddable":true,"href":"https:\/\/www.caririemacao.com\/1\/wp-json\/wp\/v2\/categories?post=95674"},{"taxonomy":"post_tag","embeddable":true,"href":"https:\/\/www.caririemacao.com\/1\/wp-json\/wp\/v2\/tags?post=95674"}],"curies":[{"name":"wp","href":"https:\/\/api.w.org\/{rel}","templated":true}]}}