{"id":95681,"date":"2019-05-19T12:56:17","date_gmt":"2019-05-19T15:56:17","guid":{"rendered":"http:\/\/www.caririemacao.com\/1\/?p=95681"},"modified":"2019-05-19T12:56:17","modified_gmt":"2019-05-19T15:56:17","slug":"acidente-com-van-do-cantor-wesley-safadao-deixa-uma-pessoa-ferida","status":"publish","type":"post","link":"https:\/\/www.caririemacao.com\/1\/2019\/05\/19\/acidente-com-van-do-cantor-wesley-safadao-deixa-uma-pessoa-ferida\/","title":{"rendered":"Acidente com van do cantor Wesley Safad\u00e3o deixa uma pessoa ferida"},"content":{"rendered":"\n<p>Um acidente envolvendo uma van do cantor Wesley Safad\u00e3o foi registrado na tarde dessa sexta-feira (17) no km 436,4 da BR-316, no munic\u00edpio de Peritor\u00f3, localizado a 236 km de S\u00e3o Lu\u00eds. De acordo com a Pol\u00edcia Rodovi\u00e1ria Federal do Maranh\u00e3o (PRF-MA), o motorista do ve\u00edculo ficou ferido. Ele n\u00e3o foi identificado.<\/p>\n\n\n\n<p>Ainda segundo a PRF, o condutor perdeu o controle do ve\u00edculo, que saiu da pista e tombou. Ele sofreu apenas escoria\u00e7\u00f5es no rosto, bra\u00e7o e perna.<\/p>\n\n\n\n<p>A van com placa de Pernambuco \u00e9 usada como apoio da equipe do cantor para divulga\u00e7\u00e3o e venda de CDs e DVDs.<\/p>\n","protected":false},"excerpt":{"rendered":"<p>Um acidente envolvendo uma van do cantor Wesley Safad\u00e3o foi registrado na tarde dessa sexta-feira (17) no km 436,4 da BR-316, no munic\u00edpio de Peritor\u00f3,&hellip; <\/p>\n","protected":false},"author":1,"featured_media":95683,"comment_status":"closed","ping_status":"closed","sticky":false,"template":"","format":"standard","meta":{"sfsi_plus_gutenberg_text_before_share":"","sfsi_plus_gutenberg_show_text_before_share":"","sfsi_plus_gutenberg_icon_type":"","sfsi_plus_gutenberg_icon_alignemt":"","sfsi_plus_gutenburg_max_per_row":"","footnotes":""},"categories":[2],"tags":[],"class_list":["post-95681","post","type-post","status-publish","format-standard","has-post-thumbnail","hentry","category-geral"],"_links":{"self":[{"href":"https:\/\/www.caririemacao.com\/1\/wp-json\/wp\/v2\/posts\/95681","targetHints":{"allow":["GET"]}}],"collection":[{"href":"https:\/\/www.caririemacao.com\/1\/wp-json\/wp\/v2\/posts"}],"about":[{"href":"https:\/\/www.caririemacao.com\/1\/wp-json\/wp\/v2\/types\/post"}],"author":[{"embeddable":true,"href":"https:\/\/www.caririemacao.com\/1\/wp-json\/wp\/v2\/users\/1"}],"replies":[{"embeddable":true,"href":"https:\/\/www.caririemacao.com\/1\/wp-json\/wp\/v2\/comments?post=95681"}],"version-history":[{"count":1,"href":"https:\/\/www.caririemacao.com\/1\/wp-json\/wp\/v2\/posts\/95681\/revisions"}],"predecessor-version":[{"id":95684,"href":"https:\/\/www.caririemacao.com\/1\/wp-json\/wp\/v2\/posts\/95681\/revisions\/95684"}],"wp:featuredmedia":[{"embeddable":true,"href":"https:\/\/www.caririemacao.com\/1\/wp-json\/wp\/v2\/media\/95683"}],"wp:attachment":[{"href":"https:\/\/www.caririemacao.com\/1\/wp-json\/wp\/v2\/media?parent=95681"}],"wp:term":[{"taxonomy":"category","embeddable":true,"href":"https:\/\/www.caririemacao.com\/1\/wp-json\/wp\/v2\/categories?post=95681"},{"taxonomy":"post_tag","embeddable":true,"href":"https:\/\/www.caririemacao.com\/1\/wp-json\/wp\/v2\/tags?post=95681"}],"curies":[{"name":"wp","href":"https:\/\/api.w.org\/{rel}","templated":true}]}}