{"id":95694,"date":"2019-05-19T17:42:38","date_gmt":"2019-05-19T20:42:38","guid":{"rendered":"http:\/\/www.caririemacao.com\/1\/?p=95694"},"modified":"2019-05-19T17:42:38","modified_gmt":"2019-05-19T20:42:38","slug":"grupo-de-forro-gente-boa-lanca-ep-gravado-no-teatro-jansen-filho-em-monteiro","status":"publish","type":"post","link":"https:\/\/www.caririemacao.com\/1\/2019\/05\/19\/grupo-de-forro-gente-boa-lanca-ep-gravado-no-teatro-jansen-filho-em-monteiro\/","title":{"rendered":"Grupo de forr\u00f3 Gente Boa lan\u00e7a EP gravado no Teatro Jansen Filho em Monteiro"},"content":{"rendered":"\n<div class=\"wp-block-image\"><figure class=\"alignleft\"><img decoding=\"async\" data-src=\"https:\/\/i2.wp.com\/www.vitrinedocariri.com.br\/wp-content\/uploads\/2019\/05\/gente-boa.jpg?zoom=2&amp;resize=330%2C185&amp;ssl=1\" alt=\"\" class=\"wp-image-44037 lazyload\" src=\"data:image\/svg+xml;base64,PHN2ZyB3aWR0aD0iMSIgaGVpZ2h0PSIxIiB4bWxucz0iaHR0cDovL3d3dy53My5vcmcvMjAwMC9zdmciPjwvc3ZnPg==\" \/><\/figure><\/div>\n\n\n\n<p>\u201cGente Boa Amor &amp; Forr\u00f3\u201d \u00e9 o t\u00edtulo do nodo EP gravado pelo reconhecido grupo de forr\u00f3 da regi\u00e3o do Cariri paraibano. O grupo Gente Boa escolheu o Teatro Jansen Filho para pano de fundo de belas can\u00e7\u00f5es.<\/p>\n\n\n\n<p>O EP foi lan\u00e7ado nas plataformas digitais com composi\u00e7\u00f5es in\u00e9ditas.<\/p>\n\n\n\n<p>A Banda<\/p>\n\n\n\n<p>GENTE BOA, a banda de forr\u00f3 foi fundada em novembro de 2000, tendo sua estr\u00e9ia em maio de 2001.&nbsp; Fundada na cidade Monteiro no Cariri Paraibano, por tr\u00eas jovens residentes naquela regi\u00e3o: Marconi Andrade, Osmando Silva e Bhira Mariano, sendo os dois primeiros da cidade de Monteiro e o \u00faltimo da cidade de Camala\u00fa.<\/p>\n\n\n\n<p>Eles decidem no final do s\u00e9culo fundar um grupo que ao longo de sua carreira trihou o caminho do forr\u00f3 aut\u00eantico, mas sempre antenados com outros estilos contempor\u00e2neos brasileiros, j\u00e1 os integrantes da antiga e nova forma\u00e7\u00e3o t\u00eam outras influ\u00eancias n\u00e3o s\u00f3 do forr\u00f3 aut\u00eantico, mas tamb\u00e9m de toda a m\u00fasica popular brasileira.<\/p>\n\n\n\n<p>O nome dado a banda faz alus\u00e3o a um termo bem usado no linguajar do povo nordestino: \u201ce a\u00ed gente boa!\u201d \u201cfulano \u00e9 gente boa\u201d; mas escolha do nome da banda ainda teve outras duas op\u00e7\u00f5es, que era SOL PE DE SERRA e OS MENINOS DE MONTEIRO.<\/p>\n\n\n\n<p>Confira o v\u00eddeo<\/p>\n\n\n\n<figure><iframe data-src=\"https:\/\/www.youtube.com\/embed\/i04KNmLR_OM\" width=\"560\" height=\"315\" allowfullscreen=\"allowfullscreen\" src=\"data:image\/svg+xml;base64,PHN2ZyB3aWR0aD0iMSIgaGVpZ2h0PSIxIiB4bWxucz0iaHR0cDovL3d3dy53My5vcmcvMjAwMC9zdmciPjwvc3ZnPg==\" class=\"lazyload\" data-load-mode=\"1\"><\/iframe><\/figure>\n","protected":false},"excerpt":{"rendered":"<p>\u201cGente Boa Amor &amp; Forr\u00f3\u201d \u00e9 o t\u00edtulo do nodo EP gravado pelo reconhecido grupo de forr\u00f3 da regi\u00e3o do Cariri paraibano. O grupo Gente&hellip; <\/p>\n","protected":false},"author":1,"featured_media":95695,"comment_status":"closed","ping_status":"closed","sticky":false,"template":"","format":"standard","meta":{"sfsi_plus_gutenberg_text_before_share":"","sfsi_plus_gutenberg_show_text_before_share":"","sfsi_plus_gutenberg_icon_type":"","sfsi_plus_gutenberg_icon_alignemt":"","sfsi_plus_gutenburg_max_per_row":"","footnotes":""},"categories":[6,50],"tags":[],"class_list":["post-95694","post","type-post","status-publish","format-standard","has-post-thumbnail","hentry","category-cidades","category-destaque"],"_links":{"self":[{"href":"https:\/\/www.caririemacao.com\/1\/wp-json\/wp\/v2\/posts\/95694","targetHints":{"allow":["GET"]}}],"collection":[{"href":"https:\/\/www.caririemacao.com\/1\/wp-json\/wp\/v2\/posts"}],"about":[{"href":"https:\/\/www.caririemacao.com\/1\/wp-json\/wp\/v2\/types\/post"}],"author":[{"embeddable":true,"href":"https:\/\/www.caririemacao.com\/1\/wp-json\/wp\/v2\/users\/1"}],"replies":[{"embeddable":true,"href":"https:\/\/www.caririemacao.com\/1\/wp-json\/wp\/v2\/comments?post=95694"}],"version-history":[{"count":1,"href":"https:\/\/www.caririemacao.com\/1\/wp-json\/wp\/v2\/posts\/95694\/revisions"}],"predecessor-version":[{"id":95696,"href":"https:\/\/www.caririemacao.com\/1\/wp-json\/wp\/v2\/posts\/95694\/revisions\/95696"}],"wp:featuredmedia":[{"embeddable":true,"href":"https:\/\/www.caririemacao.com\/1\/wp-json\/wp\/v2\/media\/95695"}],"wp:attachment":[{"href":"https:\/\/www.caririemacao.com\/1\/wp-json\/wp\/v2\/media?parent=95694"}],"wp:term":[{"taxonomy":"category","embeddable":true,"href":"https:\/\/www.caririemacao.com\/1\/wp-json\/wp\/v2\/categories?post=95694"},{"taxonomy":"post_tag","embeddable":true,"href":"https:\/\/www.caririemacao.com\/1\/wp-json\/wp\/v2\/tags?post=95694"}],"curies":[{"name":"wp","href":"https:\/\/api.w.org\/{rel}","templated":true}]}}