{"id":95699,"date":"2019-05-19T17:48:57","date_gmt":"2019-05-19T20:48:57","guid":{"rendered":"http:\/\/www.caririemacao.com\/1\/?p=95699"},"modified":"2019-05-19T17:48:57","modified_gmt":"2019-05-19T20:48:57","slug":"bolsonaro-parabeniza-primeiro-ministro-da-australia-por-vitoria","status":"publish","type":"post","link":"https:\/\/www.caririemacao.com\/1\/2019\/05\/19\/bolsonaro-parabeniza-primeiro-ministro-da-australia-por-vitoria\/","title":{"rendered":"Bolsonaro parabeniza primeiro-ministro da Austr\u00e1lia por vit\u00f3ria"},"content":{"rendered":"\n<p>O presidente Jair Bolsonaro publicou em sua conta oficial&nbsp;<a href=\"https:\/\/twitter.com\/jairbolsonaro\/status\/1130125042052997120\">no Twitter<\/a>&nbsp;mensagem parabenizando o primeiro-ministro da Austr\u00e1lia, Scott Morrison, pela reelei\u00e7\u00e3o no pleito realizado ontem (18). O partido Liberal, comandado por Morrison, obteve a maioria dos assentos na C\u00e2mara dos Deputados local, impondo uma derrota aos trabalhistas.<\/p>\n\n\n\n<figure class=\"wp-block-image\"><img decoding=\"async\" src=\"https:\/\/www.clickpb.com.br\/media\/filer_public\/a3\/21\/a3211bc0-bf28-419c-adf5-1447c51e67e7\/blob\" alt=\"\"\/><\/figure>\n\n\n\n<p>Bolsonaro destacou o car\u00e1ter inesperado da vit\u00f3ria. Pesquisas apontavam os trabalhistas como favoritos no pleito, mas o partido liberal conseguiu \u00eaxito na disputa. Contudo, a contagem ainda precisa verificar votos postais para saber se o partido conseguir\u00e1 governar sozinho ou se ter\u00e1 que firmar alian\u00e7as para garantir a maioria necess\u00e1ria.<\/p>\n\n\n\n<p>Morrison assumiu em agosto do ano passado ap\u00f3s o partido decidir pela sa\u00edda do ent\u00e3o primeiro-ministro, Malcom Turnbull. O l\u00edder do partido liberal ficar\u00e1 mais tr\u00eas anos no comando do pa\u00eds, ampliando o dom\u00ednio conservador no pa\u00eds.<\/p>\n\n\n\n<p>Cerca de 16 milh\u00f5es de australianos estavam aptos a votar. Eles elegeram 151 deputados da C\u00e2mara e 40 dos 70 senadores.<\/p>\n","protected":false},"excerpt":{"rendered":"<p>O presidente Jair Bolsonaro publicou em sua conta oficial&nbsp;no Twitter&nbsp;mensagem parabenizando o primeiro-ministro da Austr\u00e1lia, Scott Morrison, pela reelei\u00e7\u00e3o no pleito realizado ontem (18). O&hellip; <\/p>\n","protected":false},"author":1,"featured_media":95700,"comment_status":"closed","ping_status":"closed","sticky":false,"template":"","format":"standard","meta":{"sfsi_plus_gutenberg_text_before_share":"","sfsi_plus_gutenberg_show_text_before_share":"","sfsi_plus_gutenberg_icon_type":"","sfsi_plus_gutenberg_icon_alignemt":"","sfsi_plus_gutenburg_max_per_row":"","footnotes":""},"categories":[11],"tags":[],"class_list":["post-95699","post","type-post","status-publish","format-standard","has-post-thumbnail","hentry","category-politica"],"_links":{"self":[{"href":"https:\/\/www.caririemacao.com\/1\/wp-json\/wp\/v2\/posts\/95699","targetHints":{"allow":["GET"]}}],"collection":[{"href":"https:\/\/www.caririemacao.com\/1\/wp-json\/wp\/v2\/posts"}],"about":[{"href":"https:\/\/www.caririemacao.com\/1\/wp-json\/wp\/v2\/types\/post"}],"author":[{"embeddable":true,"href":"https:\/\/www.caririemacao.com\/1\/wp-json\/wp\/v2\/users\/1"}],"replies":[{"embeddable":true,"href":"https:\/\/www.caririemacao.com\/1\/wp-json\/wp\/v2\/comments?post=95699"}],"version-history":[{"count":1,"href":"https:\/\/www.caririemacao.com\/1\/wp-json\/wp\/v2\/posts\/95699\/revisions"}],"predecessor-version":[{"id":95701,"href":"https:\/\/www.caririemacao.com\/1\/wp-json\/wp\/v2\/posts\/95699\/revisions\/95701"}],"wp:featuredmedia":[{"embeddable":true,"href":"https:\/\/www.caririemacao.com\/1\/wp-json\/wp\/v2\/media\/95700"}],"wp:attachment":[{"href":"https:\/\/www.caririemacao.com\/1\/wp-json\/wp\/v2\/media?parent=95699"}],"wp:term":[{"taxonomy":"category","embeddable":true,"href":"https:\/\/www.caririemacao.com\/1\/wp-json\/wp\/v2\/categories?post=95699"},{"taxonomy":"post_tag","embeddable":true,"href":"https:\/\/www.caririemacao.com\/1\/wp-json\/wp\/v2\/tags?post=95699"}],"curies":[{"name":"wp","href":"https:\/\/api.w.org\/{rel}","templated":true}]}}