{"id":95705,"date":"2019-05-19T17:52:00","date_gmt":"2019-05-19T20:52:00","guid":{"rendered":"http:\/\/www.caririemacao.com\/1\/?p=95705"},"modified":"2019-05-19T17:52:00","modified_gmt":"2019-05-19T20:52:00","slug":"lula-revela-estar-apaixonado-e-tem-planos-de-casar-ao-sair-da-prisao","status":"publish","type":"post","link":"https:\/\/www.caririemacao.com\/1\/2019\/05\/19\/lula-revela-estar-apaixonado-e-tem-planos-de-casar-ao-sair-da-prisao\/","title":{"rendered":"Lula revela estar apaixonado e tem planos de casar ao sair da pris\u00e3o"},"content":{"rendered":"\n<p>Lula est\u00e1 apaixonado e tem planos de se casar. A revela\u00e7\u00e3o foi feita pelo ex-presidente ao economista Luiz Carlos Bresser-Pereira, durante visita na \u00faltima quinta-feira (16), em Curitiba. O economista escreveu um texto sobre como foi a visita, chamado &#8220;Visita a Lula na pris\u00e3o&#8221;, em que compartilha o que o presidente o contou.&nbsp;<\/p>\n\n\n\n<p>A coluna apurou que a namorada \u00e9 de S\u00e3o Paulo e \u00e9 um amor que Lula tem desde antes de ser preso. Ela se chama Ros\u00e2ngela da Silva, e \u00e9 soci\u00f3loga.<\/p>\n\n\n\n<p>A namorada visita Lula com frequ\u00eancia na cela da PF e tem em torno de 40 anos, portanto \u00e9 algumas d\u00e9cadas mais jovem do que o ex-presidente.<\/p>\n\n\n\n<p>Amiga de Lula desde os tempos das caravanas da cidadania, quando se conheceram, Janja, como Ros\u00e2ngela \u00e9 chamada, vive em Curitiba, mas, segundo amigos do casal, ela \u00e9 paulista. Os dois mantiveram a amizade durante esses anos, inclusive profissionalmente.<br><\/p>\n\n\n\n<p><strong>Leia abaixo a \u00edntegra do texto escrito pelo economista.<\/strong><\/p>\n\n\n\n<p><em>&#8220;Na \u00faltima quinta-feira eu visitei Lula. Ele est\u00e1 em \u00f3tima forma f\u00edsica e ps\u00edquica. Sua grande preocupa\u00e7\u00e3o agora \u00e9 com a defesa da soberania &#8211; com a uni\u00e3o dos brasileiros para defender o Brasil e seu povo contra isso que est\u00e1 a\u00ed. Sua maior demanda \u00e9 a de ter reconhecida sua inoc\u00eancia. Est\u00e1 apaixonado e seu primeiro projeto ao sair da pris\u00e3o \u00e9 se casar.<\/em><\/p>\n\n\n\n<p><em>Seu grande projeto \u00e9 o de negociar um grande acordo nacional em defesa dos trabalhadores e das empresas &#8211; em defesa da soberania necess\u00e1ria para a retomada do desenvolvimento. No plano internacional diz que \u00e9 contra qualquer interven\u00e7\u00e3o na Venezuela, mas que \u00e9 preciso reconhecer os erros de Maduro e do pr\u00f3prio Ch\u00e1vez. Conta que muitas vezes aconselhou o Ch\u00e1vez, que era uma pessoa \u00f3tima, mas cabe\u00e7a-dura. Ouvia os conselhos com aten\u00e7\u00e3o, mas n\u00e3o os seguia.<\/em><\/p>\n\n\n\n<p><em>Foi uma honra ter sido convidado por Lula para visit\u00e1-lo. Ele estava mais interessado em discutir a crise atual do que ideias. Disse-me que quando sair da pris\u00e3o, vai me convidar para um almo\u00e7o s\u00f3 para me ouvir falar sobre c\u00e2mbio. Eu lhe dei uma c\u00f3pia do meu livro A Constru\u00e7\u00e3o Pol\u00edtica do Brasil, onde afirmo que fez um belo governo, mas errou em deixar o juro alto e o c\u00e2mbio apreciado.<br>Est\u00e1 mais do que na hora de os brasileiros verem Lula livre. J\u00e1 \u00e9 tempo de o STF reconhecer tacitamente que ele foi v\u00edtima de uma estrat\u00e9gia pol\u00edtica atrav\u00e9s da qual a For\u00e7a Tarefa da Lava Jato buscou apoio das elites liberal-conservadoras para sua carreira pol\u00edtica.<\/em><\/p>\n\n\n\n<p><em>A pol\u00edtica brasileira precisa de um l\u00edder sem ressentimentos como \u00e9 Lula. Livre, ele lutar\u00e1 pelo grande acordo nacional que \u00e9 t\u00e3o necess\u00e1rio para o Brasil sair da crise em que est\u00e1 mergulhado desde 2014.&#8221;<\/em><\/p>\n","protected":false},"excerpt":{"rendered":"<p>Lula est\u00e1 apaixonado e tem planos de se casar. A revela\u00e7\u00e3o foi feita pelo ex-presidente ao economista Luiz Carlos Bresser-Pereira, durante visita na \u00faltima quinta-feira&hellip; <\/p>\n","protected":false},"author":1,"featured_media":54820,"comment_status":"closed","ping_status":"closed","sticky":false,"template":"","format":"standard","meta":{"sfsi_plus_gutenberg_text_before_share":"","sfsi_plus_gutenberg_show_text_before_share":"","sfsi_plus_gutenberg_icon_type":"","sfsi_plus_gutenberg_icon_alignemt":"","sfsi_plus_gutenburg_max_per_row":"","footnotes":""},"categories":[50,11],"tags":[],"class_list":["post-95705","post","type-post","status-publish","format-standard","has-post-thumbnail","hentry","category-destaque","category-politica"],"_links":{"self":[{"href":"https:\/\/www.caririemacao.com\/1\/wp-json\/wp\/v2\/posts\/95705","targetHints":{"allow":["GET"]}}],"collection":[{"href":"https:\/\/www.caririemacao.com\/1\/wp-json\/wp\/v2\/posts"}],"about":[{"href":"https:\/\/www.caririemacao.com\/1\/wp-json\/wp\/v2\/types\/post"}],"author":[{"embeddable":true,"href":"https:\/\/www.caririemacao.com\/1\/wp-json\/wp\/v2\/users\/1"}],"replies":[{"embeddable":true,"href":"https:\/\/www.caririemacao.com\/1\/wp-json\/wp\/v2\/comments?post=95705"}],"version-history":[{"count":1,"href":"https:\/\/www.caririemacao.com\/1\/wp-json\/wp\/v2\/posts\/95705\/revisions"}],"predecessor-version":[{"id":95706,"href":"https:\/\/www.caririemacao.com\/1\/wp-json\/wp\/v2\/posts\/95705\/revisions\/95706"}],"wp:featuredmedia":[{"embeddable":true,"href":"https:\/\/www.caririemacao.com\/1\/wp-json\/wp\/v2\/media\/54820"}],"wp:attachment":[{"href":"https:\/\/www.caririemacao.com\/1\/wp-json\/wp\/v2\/media?parent=95705"}],"wp:term":[{"taxonomy":"category","embeddable":true,"href":"https:\/\/www.caririemacao.com\/1\/wp-json\/wp\/v2\/categories?post=95705"},{"taxonomy":"post_tag","embeddable":true,"href":"https:\/\/www.caririemacao.com\/1\/wp-json\/wp\/v2\/tags?post=95705"}],"curies":[{"name":"wp","href":"https:\/\/api.w.org\/{rel}","templated":true}]}}