{"id":95715,"date":"2019-05-19T21:54:08","date_gmt":"2019-05-20T00:54:08","guid":{"rendered":"http:\/\/www.caririemacao.com\/1\/?p=95715"},"modified":"2019-05-19T21:54:08","modified_gmt":"2019-05-20T00:54:08","slug":"reitores-confirmam-com-cortes-instituicoes-federais-fecham-as-portas-em-setembro","status":"publish","type":"post","link":"https:\/\/www.caririemacao.com\/1\/2019\/05\/19\/reitores-confirmam-com-cortes-instituicoes-federais-fecham-as-portas-em-setembro\/","title":{"rendered":"Reitores confirmam: Com cortes, institui\u00e7\u00f5es federais fecham as portas em setembro"},"content":{"rendered":"\n<p>Os reitores das institui\u00e7\u00f5es p\u00fablicas federais de ensino superior da Para\u00edba reuniram-se na \u00faltima quinta-feira (16) no gabinete da reitoria do IFPB para tratar sobre os bloqueios de recursos para a educa\u00e7\u00e3o anunciado pelo Minist\u00e9rio da Educa\u00e7\u00e3o (MEC).<\/p>\n\n\n\n<p>Estavam presentes os reitores do IFPB, Nic\u00e1cio Lopes; da UFPB, Margareth Diniz; e da UFCG, Vicem\u00e1rio Sim\u00f5es, al\u00e9m de todos os pr\u00f3-reitores do IFPB.<\/p>\n\n\n\n<p>O reitor Nic\u00e1cio Lopes abriu a reuni\u00e3o expondo a situa\u00e7\u00e3o do contingenciamento de recursos e agradecendo a mobiliza\u00e7\u00e3o dos reitores no enfrentamento dessa conjuntura.<\/p>\n\n\n\n<figure class=\"wp-block-image\"><img decoding=\"async\" data-src=\"https:\/\/paraibaonline.com.br\/wp-content\/uploads\/2019\/05\/reitores-ascom-556x417.jpeg\" alt=\"Foto: Ascom\" class=\"wp-image-737933 lazyload\" src=\"data:image\/svg+xml;base64,PHN2ZyB3aWR0aD0iMSIgaGVpZ2h0PSIxIiB4bWxucz0iaHR0cDovL3d3dy53My5vcmcvMjAwMC9zdmciPjwvc3ZnPg==\" style=\"--smush-placeholder-width: 556px; --smush-placeholder-aspect-ratio: 556\/417;\" \/><\/figure>\n\n\n\n<p>Foto: Ascom<\/p>\n\n\n\n<p>\u201cA ideia deste f\u00f3rum \u00e9 unificar esfor\u00e7os para dar mais visibilidade \u00e0s a\u00e7\u00f5es de mobiliza\u00e7\u00e3o contra o bloqueio de recursos para a educa\u00e7\u00e3o\u201d, afirmou.<\/p>\n\n\n\n<p>Para o Reitor da UFCG, Vicem\u00e1rio Sim\u00f5es, o movimento em defesa da educa\u00e7\u00e3o p\u00fablica que se viu no Pa\u00eds foi uma demonstra\u00e7\u00e3o de que a sociedade brasileira amadureceu.<\/p>\n\n\n\n<p>\u201cPrecisamos contar com o apoio da sociedade civil organizada em defesa da educa\u00e7\u00e3o p\u00fablica brasileira em todos os seus n\u00edveis para reverter essa situa\u00e7\u00e3o e evitar esse bloqueio de recursos\u201d, ressaltou.<\/p>\n\n\n\n<p>De acordo com a reitora da UFPB, Margareth Diniz, este \u00e9 um momento de fortalecimento porque as institui\u00e7\u00f5es est\u00e3o em sintonia com a sociedade na defesa da educa\u00e7\u00e3o p\u00fablica.<\/p>\n\n\n\n<p>Para ela, \u00e9 preciso esclarecer como \u00e9 composto o or\u00e7amento das institui\u00e7\u00f5es p\u00fablicas de educa\u00e7\u00e3o para mostrar que o bloqueio efetuado inviabiliza o dia-a-dia das universidades.<\/p>\n\n\n\n<p>A reitora da UFPB afirmou que nesta reuni\u00e3o ficou definido que os reitores v\u00e3o entregar um documento ao Minist\u00e9rio P\u00fablico demonstrando de fato onde aconteceram os cortes, ou seja, nos recursos discricion\u00e1rios, que s\u00e3o recursos que tratam das contas de energia, de \u00e1gua, terceiriza\u00e7\u00e3o, das bolsas de inicia\u00e7\u00e3o cient\u00edfica, monitoria, de extens\u00e3o e est\u00e1gio.<\/p>\n\n\n\n<p>\u201cNa UFPB, se os cortes n\u00e3o forem revertidos, no final de setembro n\u00f3s n\u00e3o temos como continuar com as atividades da institui\u00e7\u00e3o\u201d, frisou a Reitora Margareth.<\/p>\n\n\n\n<p>Para o reitor do IFPB, Nic\u00e1cio Lopes, a situa\u00e7\u00e3o do IFPB \u00e9 an\u00e1loga. \u201cCaso os cortes sejam mantidos, s\u00f3 poderemos continuar a funcionar at\u00e9 o m\u00eas de setembro. No entanto, tenho convic\u00e7\u00e3o de que, com muita luta, haveremos de reverter este cen\u00e1rio\u201d, finalizou o reitor.<\/p>\n","protected":false},"excerpt":{"rendered":"<p>Os reitores das institui\u00e7\u00f5es p\u00fablicas federais de ensino superior da Para\u00edba reuniram-se na \u00faltima quinta-feira (16) no gabinete da reitoria do IFPB para tratar sobre&hellip; <\/p>\n","protected":false},"author":1,"featured_media":95716,"comment_status":"closed","ping_status":"closed","sticky":false,"template":"","format":"standard","meta":{"sfsi_plus_gutenberg_text_before_share":"","sfsi_plus_gutenberg_show_text_before_share":"","sfsi_plus_gutenberg_icon_type":"","sfsi_plus_gutenberg_icon_alignemt":"","sfsi_plus_gutenburg_max_per_row":"","footnotes":""},"categories":[50,14],"tags":[],"class_list":["post-95715","post","type-post","status-publish","format-standard","has-post-thumbnail","hentry","category-destaque","category-educacao"],"_links":{"self":[{"href":"https:\/\/www.caririemacao.com\/1\/wp-json\/wp\/v2\/posts\/95715","targetHints":{"allow":["GET"]}}],"collection":[{"href":"https:\/\/www.caririemacao.com\/1\/wp-json\/wp\/v2\/posts"}],"about":[{"href":"https:\/\/www.caririemacao.com\/1\/wp-json\/wp\/v2\/types\/post"}],"author":[{"embeddable":true,"href":"https:\/\/www.caririemacao.com\/1\/wp-json\/wp\/v2\/users\/1"}],"replies":[{"embeddable":true,"href":"https:\/\/www.caririemacao.com\/1\/wp-json\/wp\/v2\/comments?post=95715"}],"version-history":[{"count":1,"href":"https:\/\/www.caririemacao.com\/1\/wp-json\/wp\/v2\/posts\/95715\/revisions"}],"predecessor-version":[{"id":95717,"href":"https:\/\/www.caririemacao.com\/1\/wp-json\/wp\/v2\/posts\/95715\/revisions\/95717"}],"wp:featuredmedia":[{"embeddable":true,"href":"https:\/\/www.caririemacao.com\/1\/wp-json\/wp\/v2\/media\/95716"}],"wp:attachment":[{"href":"https:\/\/www.caririemacao.com\/1\/wp-json\/wp\/v2\/media?parent=95715"}],"wp:term":[{"taxonomy":"category","embeddable":true,"href":"https:\/\/www.caririemacao.com\/1\/wp-json\/wp\/v2\/categories?post=95715"},{"taxonomy":"post_tag","embeddable":true,"href":"https:\/\/www.caririemacao.com\/1\/wp-json\/wp\/v2\/tags?post=95715"}],"curies":[{"name":"wp","href":"https:\/\/api.w.org\/{rel}","templated":true}]}}