{"id":95720,"date":"2019-05-19T21:57:25","date_gmt":"2019-05-20T00:57:25","guid":{"rendered":"http:\/\/www.caririemacao.com\/1\/?p=95720"},"modified":"2019-05-19T21:57:25","modified_gmt":"2019-05-20T00:57:25","slug":"2-em-cada-3-receberam-fake-news-nas-eleicoes-aponta-pesquisa","status":"publish","type":"post","link":"https:\/\/www.caririemacao.com\/1\/2019\/05\/19\/2-em-cada-3-receberam-fake-news-nas-eleicoes-aponta-pesquisa\/","title":{"rendered":"2 em cada 3 receberam fake news nas elei\u00e7\u00f5es, aponta pesquisa"},"content":{"rendered":"\n<p>Cerca de dois ter\u00e7os dos brasileiros afirmam ter recebido fake news pelo WhatsApp durante a campanha eleitoral de 2018, revela pesquisa divulgada durante o Brazil UK Forum, confer\u00eancia realizada no \u00faltimo final de semana na London School of Economics e na Universidade Oxford, no Reino Unido.<\/p>\n\n\n\n<p>Segundo a pesquisa, realizada pela Ideia Big Data com 1.660 entrevistados do pa\u00eds, 67% concordam com a frase &#8220;eu certamente recebi fake news no WhatsApp durante a campanha eleitoral em 2018&#8221;, enquanto 17% discordam e 16% nem discordam nem concordam com a afirma\u00e7\u00e3o.<\/p>\n\n\n\n<p>De acordo com a pesquisa, a internet via celular \u00e9 a principal fonte de not\u00edcias para 32% das pessoas, perdendo apenas para TV, com 36%. R\u00e1dio \u00e9 a principal fonte de informa\u00e7\u00e3o para 10% e, jornais impressos, para 6% \u2013os dois perdem para amigos e fam\u00edlia, com 12%.<\/p>\n\n\n\n<p>No levantamento, 14% afirmam ter compartilhado fake news de conte\u00fado pol\u00edtico na campanha de 2018, enquanto 44% dizem n\u00e3o ter feito isso e 42% nem concordam nem discordam dessa afirma\u00e7\u00e3o.<\/p>\n\n\n\n<p>&#8220;Os resultados est\u00e3o em linha com pesquisas de outros pa\u00edses e mostram que as fake news se tornaram parte estrutural das campanhas eleitorais. Antes elas n\u00e3o alcan\u00e7avam tanta gente, com tamanha velocidade&#8221;, diz Mauricio Moura, fundador e CEO da Ideia Big Data.<\/p>\n\n\n\n<p>O levantamento tamb\u00e9m demonstra a descren\u00e7a das pessoas na m\u00eddia tradicional. De acordo com a pesquisa, a TV \u00e9 a fonte mais confi\u00e1vel de not\u00edcias para 30%, seguida pela internet via celular, com 29%. Para apenas 8% dos entrevistados, o r\u00e1dio \u00e9 a fonte mais confi\u00e1vel, e 5% apontam os jornais impressos. Na opini\u00e3o de 12% das pessoas, amigos e fam\u00edlia s\u00e3o a origem mais confi\u00e1vel de informa\u00e7\u00e3o, e 16% afirmam n\u00e3o confiar em nenhuma fonte de not\u00edcias.<\/p>\n\n\n\n<p>No s\u00e1bado (18), o presidente Jair Bolsonaro (PSL) criticou discuss\u00f5es ocorridas um dia antes em semin\u00e1rio promovido pelo TSE (Tribunal Superior Eleitoral), em parceria com a Uni\u00e3o Europeia.<\/p>\n\n\n\n<p>&#8220;Seminaristas querem proibir o termo Fake News e usam Folha de SP como fonte. A cada dia o brasileiro tem mais acesso \u00e0 informa\u00e7\u00e3o e conhece a verdade sem precisar de alguns \u00f3rg\u00e3os de imprensa famosos pelas Fake News. Sigo defendendo uma internet livre&#8221;, escreveu no Twitter.<\/p>\n\n\n\n<p>No evento, representantes de WhatsApp, Facebook e Twitter apresentaram iniciativas para coibir a propaga\u00e7\u00e3o de informa\u00e7\u00f5es falsas. A advogada Ta\u00eds Gasparian, que advoga para a Folha de S.Paulo e \u00e9 especialista no assunto, tamb\u00e9m participou.<\/p>\n\n\n\n<p>Entre as previs\u00f5es est\u00e1 a de que as fake news s\u00e3o fen\u00f4meno que continuar\u00e1 a causar desinforma\u00e7\u00e3o nas pr\u00f3ximas elei\u00e7\u00f5es e o WhatsApp \u00e9 a plataforma em que o enfrentamento \u00e9 mais dif\u00edcil. A solu\u00e7\u00e3o n\u00e3o deve ser por meio de censura, segundo os participantes, mas pelo uso de ferramentas de checagem e pela pr\u00e1tica do jornalismo profissional.<\/p>\n","protected":false},"excerpt":{"rendered":"<p>Cerca de dois ter\u00e7os dos brasileiros afirmam ter recebido fake news pelo WhatsApp durante a campanha eleitoral de 2018, revela pesquisa divulgada durante o Brazil&hellip; <\/p>\n","protected":false},"author":1,"featured_media":95721,"comment_status":"closed","ping_status":"closed","sticky":false,"template":"","format":"standard","meta":{"sfsi_plus_gutenberg_text_before_share":"","sfsi_plus_gutenberg_show_text_before_share":"","sfsi_plus_gutenberg_icon_type":"","sfsi_plus_gutenberg_icon_alignemt":"","sfsi_plus_gutenburg_max_per_row":"","footnotes":""},"categories":[11],"tags":[],"class_list":["post-95720","post","type-post","status-publish","format-standard","has-post-thumbnail","hentry","category-politica"],"_links":{"self":[{"href":"https:\/\/www.caririemacao.com\/1\/wp-json\/wp\/v2\/posts\/95720","targetHints":{"allow":["GET"]}}],"collection":[{"href":"https:\/\/www.caririemacao.com\/1\/wp-json\/wp\/v2\/posts"}],"about":[{"href":"https:\/\/www.caririemacao.com\/1\/wp-json\/wp\/v2\/types\/post"}],"author":[{"embeddable":true,"href":"https:\/\/www.caririemacao.com\/1\/wp-json\/wp\/v2\/users\/1"}],"replies":[{"embeddable":true,"href":"https:\/\/www.caririemacao.com\/1\/wp-json\/wp\/v2\/comments?post=95720"}],"version-history":[{"count":1,"href":"https:\/\/www.caririemacao.com\/1\/wp-json\/wp\/v2\/posts\/95720\/revisions"}],"predecessor-version":[{"id":95722,"href":"https:\/\/www.caririemacao.com\/1\/wp-json\/wp\/v2\/posts\/95720\/revisions\/95722"}],"wp:featuredmedia":[{"embeddable":true,"href":"https:\/\/www.caririemacao.com\/1\/wp-json\/wp\/v2\/media\/95721"}],"wp:attachment":[{"href":"https:\/\/www.caririemacao.com\/1\/wp-json\/wp\/v2\/media?parent=95720"}],"wp:term":[{"taxonomy":"category","embeddable":true,"href":"https:\/\/www.caririemacao.com\/1\/wp-json\/wp\/v2\/categories?post=95720"},{"taxonomy":"post_tag","embeddable":true,"href":"https:\/\/www.caririemacao.com\/1\/wp-json\/wp\/v2\/tags?post=95720"}],"curies":[{"name":"wp","href":"https:\/\/api.w.org\/{rel}","templated":true}]}}