{"id":95727,"date":"2019-05-20T06:46:47","date_gmt":"2019-05-20T09:46:47","guid":{"rendered":"http:\/\/www.caririemacao.com\/1\/?p=95727"},"modified":"2019-05-20T06:46:47","modified_gmt":"2019-05-20T09:46:47","slug":"jovem-morre-em-acidente-de-carro-apos-veiculo-cair-em-riacho-na-pb","status":"publish","type":"post","link":"https:\/\/www.caririemacao.com\/1\/2019\/05\/20\/jovem-morre-em-acidente-de-carro-apos-veiculo-cair-em-riacho-na-pb\/","title":{"rendered":"Jovem morre em acidente de carro ap\u00f3s ve\u00edculo cair em riacho na PB"},"content":{"rendered":"\n<p>Um jovem morreu neste domingo (19) em um acidente de carro pr\u00f3ximo a um parque de vaquejada, em Cajazeiras, no Sert\u00e3o da Para\u00edba. A caminhonete em que ela estava caiu em um riacho.<\/p>\n\n\n\n<p>Testemunhas contaram que quatro pessoas estavam no ve\u00edculo na hora do acidente, duas mulheres e dois homens. A estudante Milena Cartaxo, de 21 anos, morreu no local.<\/p>\n\n\n\n<p>Segundo a pol\u00edcia, ela pode ter morrido afogada. O corpo da jovem foi levado para o Instituto de Medicina Legal (IML), onde a per\u00edcia deve confirmar a causa da morte.<\/p>\n\n\n\n<p>A pol\u00edcia acreditava que o motorisa estivesse preso embaixo da caminhonete, mas quando levantou o ve\u00edculo, ningu\u00e9m foi encontrado. Para a pol\u00edcia, ele teria fugido. Os sobreviventes e outras testemunhas devem ser ouvidos pela pol\u00edcia ainda esta semana para que o caso seja esclarecido.<\/p>\n\n\n\n<p><\/p>\n\n\n\n<p>G1<\/p>\n","protected":false},"excerpt":{"rendered":"<p>Um jovem morreu neste domingo (19) em um acidente de carro pr\u00f3ximo a um parque de vaquejada, em Cajazeiras, no Sert\u00e3o da Para\u00edba. A caminhonete&hellip; <\/p>\n","protected":false},"author":1,"featured_media":85856,"comment_status":"closed","ping_status":"closed","sticky":false,"template":"","format":"standard","meta":{"sfsi_plus_gutenberg_text_before_share":"","sfsi_plus_gutenberg_show_text_before_share":"","sfsi_plus_gutenberg_icon_type":"","sfsi_plus_gutenberg_icon_alignemt":"","sfsi_plus_gutenburg_max_per_row":"","footnotes":""},"categories":[12],"tags":[],"class_list":["post-95727","post","type-post","status-publish","format-standard","has-post-thumbnail","hentry","category-policia"],"_links":{"self":[{"href":"https:\/\/www.caririemacao.com\/1\/wp-json\/wp\/v2\/posts\/95727","targetHints":{"allow":["GET"]}}],"collection":[{"href":"https:\/\/www.caririemacao.com\/1\/wp-json\/wp\/v2\/posts"}],"about":[{"href":"https:\/\/www.caririemacao.com\/1\/wp-json\/wp\/v2\/types\/post"}],"author":[{"embeddable":true,"href":"https:\/\/www.caririemacao.com\/1\/wp-json\/wp\/v2\/users\/1"}],"replies":[{"embeddable":true,"href":"https:\/\/www.caririemacao.com\/1\/wp-json\/wp\/v2\/comments?post=95727"}],"version-history":[{"count":1,"href":"https:\/\/www.caririemacao.com\/1\/wp-json\/wp\/v2\/posts\/95727\/revisions"}],"predecessor-version":[{"id":95728,"href":"https:\/\/www.caririemacao.com\/1\/wp-json\/wp\/v2\/posts\/95727\/revisions\/95728"}],"wp:featuredmedia":[{"embeddable":true,"href":"https:\/\/www.caririemacao.com\/1\/wp-json\/wp\/v2\/media\/85856"}],"wp:attachment":[{"href":"https:\/\/www.caririemacao.com\/1\/wp-json\/wp\/v2\/media?parent=95727"}],"wp:term":[{"taxonomy":"category","embeddable":true,"href":"https:\/\/www.caririemacao.com\/1\/wp-json\/wp\/v2\/categories?post=95727"},{"taxonomy":"post_tag","embeddable":true,"href":"https:\/\/www.caririemacao.com\/1\/wp-json\/wp\/v2\/tags?post=95727"}],"curies":[{"name":"wp","href":"https:\/\/api.w.org\/{rel}","templated":true}]}}