{"id":95733,"date":"2019-05-20T06:58:09","date_gmt":"2019-05-20T09:58:09","guid":{"rendered":"http:\/\/www.caririemacao.com\/1\/?p=95733"},"modified":"2019-05-20T06:58:09","modified_gmt":"2019-05-20T09:58:09","slug":"numero-de-feminicidios-em-abril-sobe-50-em-relacao-ao-primeiro-trimestre-de-2019-na-paraiba","status":"publish","type":"post","link":"https:\/\/www.caririemacao.com\/1\/2019\/05\/20\/numero-de-feminicidios-em-abril-sobe-50-em-relacao-ao-primeiro-trimestre-de-2019-na-paraiba\/","title":{"rendered":"N\u00famero de feminic\u00eddios em abril sobe 50% em rela\u00e7\u00e3o ao primeiro trimestre de 2019, na Para\u00edba"},"content":{"rendered":"\n<p>O n\u00famero de feminic\u00eddios aumentou 50% em abril, com rela\u00e7\u00e3o \u00e0 soma dos casos do primeiro trimestre de 2019, na Para\u00edba. Os dados s\u00e3o da Secretaria de Seguran\u00e7a e Defesa Social (Seds) e mostram que, das nove mortes de mulheres no m\u00eas de abril, seis est\u00e3o sendo investigadas como feminic\u00eddio. O n\u00famero \u00e9 maior do que o que foi registrado nos tr\u00eas primeiros meses do ano somados (4 feminic\u00eddios).<\/p>\n\n\n\n<p><a href=\"https:\/\/g1.globo.com\/pb\/paraiba\/noticia\/2019\/03\/23\/numero-de-mulheres-mortas-cai-25-em-fevereiro-na-pb-um-caso-e-investigado-como-feminicidio.ghtml\">Em janeiro, das quatro mulheres assassinadas, duas foram feminic\u00eddio.<\/a>&nbsp;Em fevereiro, o&nbsp;<a href=\"https:\/\/g1.globo.com\/pb\/paraiba\/noticia\/2019\/03\/23\/numero-de-mulheres-mortas-cai-25-em-fevereiro-na-pb-um-caso-e-investigado-como-feminicidio.ghtml\">n\u00famero caiu 25%, quando tr\u00eas mulheres foram mortas<\/a>. Duas delas, especificamente, por homic\u00eddio doloso. O outro caso \u00e9 tratado pela Pol\u00edcia Civil como feminic\u00eddio.&nbsp;<a href=\"https:\/\/g1.globo.com\/pb\/paraiba\/noticia\/2019\/04\/21\/mais-de-mil-inqueritos-de-violencia-contra-a-mulher-sao-instaurados-em-tres-meses-na-paraiba.ghtml\">Em mar\u00e7o, o n\u00famero e a propor\u00e7\u00e3o do feminic\u00eddio permaneceu o mesmo de fevereiro.<\/a><\/p>\n\n\n\n<p>Os casos ainda est\u00e3o sob investiga\u00e7\u00e3o, mas o investigado at\u00e9 o momento sobre o crime leva a um dado preliminar de feminic\u00eddio. A lei n\u00ba 13.104, sancionada em 2015 pela ex-presidenta Dilma Rousseff, inclui o feminic\u00eddio no rol dos crimes hediondos. \u00c9 feminic\u00eddio o homic\u00eddio contra a mulher por raz\u00f5es da condi\u00e7\u00e3o de sexo feminino, isto \u00e9, quando envolve viol\u00eancia dom\u00e9stica e familiar, menosprezo ou discrimina\u00e7\u00e3o \u00e0 condi\u00e7\u00e3o de mulher.<\/p>\n\n\n\n<p>Ao todo, no m\u00eas de abril, houve 84 Crimes Violentos Letais Intencionais (CVLI), sendo nove com mulheres.<\/p>\n\n\n\n<p>Para a professora de direito penal, Sabrinna Cavalcanti, h\u00e1 dois pontos a serem notados no aumento dos casos de feminic\u00eddio: a tipifica\u00e7\u00e3o \u201cfeminc\u00eddio\u201d, adotada em 2015 para diferir os tipos de homic\u00eddios praticados contra mulheres, e a volta de ideais conservadores e machistas, que oprimem o sexo feminino de buscar igualdade de direitos na sociedade.<\/p>\n\n\n\n<p>\u201cUm dos fatores \u00e9 o pr\u00f3prio conceito de feminic\u00eddio, pois muitas mortes causadas por viol\u00eancia dom\u00e9stica n\u00e3o chegavam \u00e0 estat\u00edstica. Mas tamb\u00e9m destaco a volta do discurso conservador, que busca fazer com que a mulher se mantenha restrita ao ambiente dom\u00e9stico. Isso vai contra a evolu\u00e7\u00e3o que ocorreu na luta pelo direito das mulheres. Esse conflito, muitas vezes, acaba em morte\u201d, explica Sabrinna.<\/p>\n\n\n\n<h2 class=\"wp-block-heading\">Crimes semelhantes<\/h2>\n\n\n\n<p>O m\u00eas de abril foi cruel para as mulheres. A Semana Santa foi marcada por crimes que chocaram pela semelhan\u00e7a e brutalidade. No dia 16 de abril,&nbsp;<a href=\"https:\/\/g1.globo.com\/pb\/paraiba\/noticia\/2019\/04\/16\/mulher-e-morta-a-tiros-por-marido-em-motel-na-pb-e-suspeito-se-mata-em-seguida-diz-policia.ghtml\">Aderlon Bezerra de Souza, de 42 anos, matou Dayse Auricea Alves, de 40 anos.<\/a>&nbsp;Em seguida, ele deu um tiro na pr\u00f3pria boca e morreu. O crime aconteceu em um motel de Campina Grande. O casal estava separado e teria ido ao local comemorar o anivers\u00e1rio de Dayse.<\/p>\n\n\n\n<p>O homem mandou mensagens no WhatsApp para o irm\u00e3o dele informando que matou a mulher e que iria se matar em seguida com um rev\u00f3lver. As capturas de tela mostram que \u00e0s 21h02 o homem mandou\u00a0<a href=\"https:\/\/g1.globo.com\/pb\/paraiba\/noticia\/2019\/04\/16\/homem-que-matou-esposa-em-motel-na-pb-contatou-irmao-apos-o-crime-matei-dayse.ghtml\">\u201cEi, matei Dayse, estou me suicidando agora\u201d<\/a>. Em seguida ele liga duas vezes para o irm\u00e3o e continua: \u201cEstou no parque motel, su\u00edte 24, agora n\u00e3o tem mais jeito. Xau mano\u201d. O irm\u00e3o ainda tenta perguntar \u201ccom quem?\u201d e Aderlon responde: \u201crev\u00f3lver\u201d.<\/p>\n\n\n\n<figure class=\"wp-block-image\"><img decoding=\"async\" data-src=\"https:\/\/s2.glbimg.com\/vPi2955Z8eh1_ItyMead1EXte3o=\/0x0:1920x1080\/984x0\/smart\/filters:strip_icc()\/i.s3.glbimg.com\/v1\/AUTH_59edd422c0c84a879bd37670ae4f538a\/internal_photos\/bs\/2019\/p\/i\/AdEVfqTJqBJAULAgaAFA\/zap-feminicidio2.jpg\" alt=\"Homem enviou mensagens para irm\u00e3o ap\u00f3s matar esposa em quarto de motel na Para\u00edba \u2014 Foto: TV Para\u00edba\/Reprodu\u00e7\u00e3o\" src=\"data:image\/svg+xml;base64,PHN2ZyB3aWR0aD0iMSIgaGVpZ2h0PSIxIiB4bWxucz0iaHR0cDovL3d3dy53My5vcmcvMjAwMC9zdmciPjwvc3ZnPg==\" class=\"lazyload\" \/><\/figure>\n\n\n\n<p>Homem enviou mensagens para irm\u00e3o ap\u00f3s matar esposa em quarto de motel na Para\u00edba \u2014 Foto: TV Para\u00edba\/Reprodu\u00e7\u00e3o<\/p>\n\n\n\n<p>Para a pol\u00edcia, Aderlon planejou a morte da esposa, no entanto, Dayse foi para o motel espontaneamente, segundo a delegada Nerc\u00edlia Dantas.&nbsp;<a href=\"https:\/\/g1.globo.com\/pb\/paraiba\/noticia\/2019\/05\/03\/mulher-morta-pelo-marido-na-pb-foi-a-motel-espontaneamente-diz-delegada-ela-confiava-nele.ghtml\">\u201cEla confiava nele\u201d<\/a>, explicou. Ainda segundo o irm\u00e3o dele, no dia do crime o homem deu um abra\u00e7o nele e na m\u00e3e, como estivesse se despedindo. O casal deixa duas filhas, uma de 8 anos e outra de 17.<a href=\"https:\/\/g1.globo.com\/pb\/paraiba\/noticia\/2019\/04\/17\/mulher-vitima-de-feminicidio-na-pb-e-enterrada-no-mesmo-tumulo-do-marido-suspeito-do-crime.ghtml\">&nbsp;Eles foram enterrados lado a lado, no mesmo t\u00famulo<\/a>, no mesmo cemit\u00e9rio. Aderlon Bezerra n\u00e3o tinha posse de arma.<\/p>\n\n\n\n<p>Dois dias depois, a hist\u00f3ria se repetiu com personagens diferentes. No bairro da Torre, em Jo\u00e3o Pessoa, um&nbsp;<a href=\"https:\/\/g1.globo.com\/pb\/paraiba\/noticia\/2019\/04\/18\/homem-mata-esposa-e-depois-se-mata-em-joao-pessoa.ghtml\">empres\u00e1rio matou a ex-companheira com tr\u00eas tiros e, em seguida, se matou com um tiro no ouvido<\/a>. A arma foi encontrada embaixo do corpo dele. O crime todo aconteceu em frente a uma concession\u00e1ria de ve\u00edculos.<\/p>\n\n\n\n<p>O delegado Diego Garcia informou que os dois estavam separados h\u00e1 cerca de dois meses e o suspeito n\u00e3o aceitava o fim do relacionamento. Antes de atirar, o suspeito identificado como Marconi Alves Diniz, teria discutido com T\u00e2mara de Oliveira.<\/p>\n\n\n\n<figure class=\"wp-block-image\"><img decoding=\"async\" data-src=\"https:\/\/s2.glbimg.com\/TnWYeSsA77sCX8SRH92Z4ofNhyY=\/0x0:1040x585\/984x0\/smart\/filters:strip_icc()\/i.s3.glbimg.com\/v1\/AUTH_59edd422c0c84a879bd37670ae4f538a\/internal_photos\/bs\/2019\/6\/d\/DbVhvtTMCiFcwh0sfMXw\/facebook-marconi.jpg\" alt=\"Publica\u00e7\u00e3o foi feita no Facebook, na segunda-feira que antecedeu o crime, em Jo\u00e3o Pessoa \u2014 Foto: Reprodu\u00e7\u00e3o\/Facebook\/Marconi Diniz\" src=\"data:image\/svg+xml;base64,PHN2ZyB3aWR0aD0iMSIgaGVpZ2h0PSIxIiB4bWxucz0iaHR0cDovL3d3dy53My5vcmcvMjAwMC9zdmciPjwvc3ZnPg==\" class=\"lazyload\" \/><\/figure>\n\n\n\n<p>Publica\u00e7\u00e3o foi feita no Facebook, na segunda-feira que antecedeu o crime, em Jo\u00e3o Pessoa \u2014 Foto: Reprodu\u00e7\u00e3o\/Facebook\/Marconi Diniz<\/p>\n\n\n\n<p><\/p>\n\n\n\n<p>Marconi tamb\u00e9m deu sinais de que o crime poderia aconteceu.<a href=\"https:\/\/g1.globo.com\/pb\/paraiba\/noticia\/2019\/04\/19\/vai-acabar-nesta-quinta-diz-mensagem-publicada-por-homem-que-se-matou-apos-feminicidio-na-pb.ghtml\">&nbsp;Tr\u00eas dias antes do crime, ele publicou uma mensagem nas redes sociais.<\/a>&nbsp;&#8220;A humilha\u00e7\u00e3o que voc\u00ea passa vai acabar junto com o seu problema nesta quinta-feira, basta voc\u00ea acreditar&#8221;, diz a mensagem publicada na segunda-feira (15).<\/p>\n\n\n\n<p>De acordo com o delegado Diego Garcia, que atendeu a ocorr\u00eancia, algumas mensagens de despedida foram encontradas no celular de Marconi. &#8220;Elas mostravam que talvez ele fosse tirar a pr\u00f3pria vida, mas n\u00e3o que fosse matar ela&#8221;, explica.<\/p>\n\n\n\n<h2 class=\"wp-block-heading\">Morte a facadas<\/h2>\n\n\n\n<p>Antes do dois crimes,&nbsp;<a href=\"https:\/\/g1.globo.com\/pb\/paraiba\/noticia\/2019\/04\/07\/mulher-e-morta-a-facadas-e-companheiro-e-preso-suspeito-do-crime-na-pb.ghtml\">Marilene da Silva foi morta com trinta facadas pelo companheiro dela, Jos\u00e9 Jorge Bernardo<\/a>. Ele confessou o crime e disse que matou a companheira porque descobriu uma trai\u00e7\u00e3o dela. Jos\u00e9 Jorge foi preso no local do crime, com a faca usada no homic\u00eddio.<\/p>\n","protected":false},"excerpt":{"rendered":"<p>O n\u00famero de feminic\u00eddios aumentou 50% em abril, com rela\u00e7\u00e3o \u00e0 soma dos casos do primeiro trimestre de 2019, na Para\u00edba. Os dados s\u00e3o da&hellip; <\/p>\n","protected":false},"author":1,"featured_media":27188,"comment_status":"closed","ping_status":"closed","sticky":false,"template":"","format":"standard","meta":{"sfsi_plus_gutenberg_text_before_share":"","sfsi_plus_gutenberg_show_text_before_share":"","sfsi_plus_gutenberg_icon_type":"","sfsi_plus_gutenberg_icon_alignemt":"","sfsi_plus_gutenburg_max_per_row":"","footnotes":""},"categories":[50],"tags":[],"class_list":["post-95733","post","type-post","status-publish","format-standard","has-post-thumbnail","hentry","category-destaque"],"_links":{"self":[{"href":"https:\/\/www.caririemacao.com\/1\/wp-json\/wp\/v2\/posts\/95733","targetHints":{"allow":["GET"]}}],"collection":[{"href":"https:\/\/www.caririemacao.com\/1\/wp-json\/wp\/v2\/posts"}],"about":[{"href":"https:\/\/www.caririemacao.com\/1\/wp-json\/wp\/v2\/types\/post"}],"author":[{"embeddable":true,"href":"https:\/\/www.caririemacao.com\/1\/wp-json\/wp\/v2\/users\/1"}],"replies":[{"embeddable":true,"href":"https:\/\/www.caririemacao.com\/1\/wp-json\/wp\/v2\/comments?post=95733"}],"version-history":[{"count":1,"href":"https:\/\/www.caririemacao.com\/1\/wp-json\/wp\/v2\/posts\/95733\/revisions"}],"predecessor-version":[{"id":95736,"href":"https:\/\/www.caririemacao.com\/1\/wp-json\/wp\/v2\/posts\/95733\/revisions\/95736"}],"wp:featuredmedia":[{"embeddable":true,"href":"https:\/\/www.caririemacao.com\/1\/wp-json\/wp\/v2\/media\/27188"}],"wp:attachment":[{"href":"https:\/\/www.caririemacao.com\/1\/wp-json\/wp\/v2\/media?parent=95733"}],"wp:term":[{"taxonomy":"category","embeddable":true,"href":"https:\/\/www.caririemacao.com\/1\/wp-json\/wp\/v2\/categories?post=95733"},{"taxonomy":"post_tag","embeddable":true,"href":"https:\/\/www.caririemacao.com\/1\/wp-json\/wp\/v2\/tags?post=95733"}],"curies":[{"name":"wp","href":"https:\/\/api.w.org\/{rel}","templated":true}]}}