{"id":95737,"date":"2019-05-20T08:34:45","date_gmt":"2019-05-20T11:34:45","guid":{"rendered":"http:\/\/www.caririemacao.com\/1\/?p=95737"},"modified":"2019-05-20T08:34:45","modified_gmt":"2019-05-20T11:34:45","slug":"joao-azevedo-autoriza-nesta-segunda-20-a-realizacao-do-concurso-com-400-vagas-na-fundac","status":"publish","type":"post","link":"https:\/\/www.caririemacao.com\/1\/2019\/05\/20\/joao-azevedo-autoriza-nesta-segunda-20-a-realizacao-do-concurso-com-400-vagas-na-fundac\/","title":{"rendered":"Jo\u00e3o Azev\u00eado autoriza nesta segunda (20) a realiza\u00e7\u00e3o do concurso com 400 vagas na Fundac"},"content":{"rendered":"\n<p>O governador da Para\u00edba, Jo\u00e3o Azev\u00eado (PSB), durante solenidade, autorizar\u00e1 nesta segunda-feira (20), \u00e0s 10h, a realiza\u00e7\u00e3o do<a href=\"https:\/\/www.wscom.com.br\/noticia\/joao-azevedo-anuncia-concurso-publico-para-fundac-com-400-vagas\/\">concurso p\u00fablico com 400 vagas para agentes socioeducativos da Funda\u00e7\u00e3o Desenvolvimento da Crian\u00e7a e do Adolescente (Fundac)<\/a>. O evento de formaliza\u00e7\u00e3o do certame acontecer\u00e1 no Pal\u00e1cio da Reden\u00e7\u00e3o, no Centro de Capital.<\/p>\n\n\n\n<h1 class=\"wp-block-heading\"><strong>Sobre o Edital<\/strong><\/h1>\n\n\n\n<p>Segundo informa\u00e7\u00f5es preliminares, o edital contar\u00e1 com aproximadamente 400 vagas para agentes socioeducativo. As vagas ser\u00e3o destinadas para os munic\u00edpios de Jo\u00e3o Pessoa, Sousa e Alagoa Grande.<\/p>\n\n\n\n<p> <br>\u201cPrimeiro temos o objetivo de fazer concursos p\u00fablicos para quatro mil novos professores ao longo de toda gest\u00e3o. J\u00e1 publicamos o edital de mil para este ano. Tamb\u00e9m faremos o concurso para 400 agentes socioeducativos da Fundac. Lan\u00e7aremos o edital nos pr\u00f3ximos dias. Depois faremos concurso para PGE e Aesa, ser\u00e3o poucas vagas, porque s\u00e3o \u00f3rg\u00e3os relativamente pequenos, mas h\u00e1 suas necessidades\u201d, disse o gestor em oportunidade anterior. <br><\/p>\n","protected":false},"excerpt":{"rendered":"<p>O governador da Para\u00edba, Jo\u00e3o Azev\u00eado (PSB), durante solenidade, autorizar\u00e1 nesta segunda-feira (20), \u00e0s 10h, a realiza\u00e7\u00e3o doconcurso p\u00fablico com 400 vagas para agentes socioeducativos&hellip; <\/p>\n","protected":false},"author":1,"featured_media":95024,"comment_status":"closed","ping_status":"closed","sticky":false,"template":"","format":"standard","meta":{"sfsi_plus_gutenberg_text_before_share":"","sfsi_plus_gutenberg_show_text_before_share":"","sfsi_plus_gutenberg_icon_type":"","sfsi_plus_gutenberg_icon_alignemt":"","sfsi_plus_gutenburg_max_per_row":"","footnotes":""},"categories":[11],"tags":[],"class_list":["post-95737","post","type-post","status-publish","format-standard","has-post-thumbnail","hentry","category-politica"],"_links":{"self":[{"href":"https:\/\/www.caririemacao.com\/1\/wp-json\/wp\/v2\/posts\/95737","targetHints":{"allow":["GET"]}}],"collection":[{"href":"https:\/\/www.caririemacao.com\/1\/wp-json\/wp\/v2\/posts"}],"about":[{"href":"https:\/\/www.caririemacao.com\/1\/wp-json\/wp\/v2\/types\/post"}],"author":[{"embeddable":true,"href":"https:\/\/www.caririemacao.com\/1\/wp-json\/wp\/v2\/users\/1"}],"replies":[{"embeddable":true,"href":"https:\/\/www.caririemacao.com\/1\/wp-json\/wp\/v2\/comments?post=95737"}],"version-history":[{"count":1,"href":"https:\/\/www.caririemacao.com\/1\/wp-json\/wp\/v2\/posts\/95737\/revisions"}],"predecessor-version":[{"id":95738,"href":"https:\/\/www.caririemacao.com\/1\/wp-json\/wp\/v2\/posts\/95737\/revisions\/95738"}],"wp:featuredmedia":[{"embeddable":true,"href":"https:\/\/www.caririemacao.com\/1\/wp-json\/wp\/v2\/media\/95024"}],"wp:attachment":[{"href":"https:\/\/www.caririemacao.com\/1\/wp-json\/wp\/v2\/media?parent=95737"}],"wp:term":[{"taxonomy":"category","embeddable":true,"href":"https:\/\/www.caririemacao.com\/1\/wp-json\/wp\/v2\/categories?post=95737"},{"taxonomy":"post_tag","embeddable":true,"href":"https:\/\/www.caririemacao.com\/1\/wp-json\/wp\/v2\/tags?post=95737"}],"curies":[{"name":"wp","href":"https:\/\/api.w.org\/{rel}","templated":true}]}}