{"id":95747,"date":"2019-05-20T09:03:06","date_gmt":"2019-05-20T12:03:06","guid":{"rendered":"http:\/\/www.caririemacao.com\/1\/?p=95747"},"modified":"2019-05-20T09:03:06","modified_gmt":"2019-05-20T12:03:06","slug":"namorada-de-lula-e-sociologa-e-conheceu-ex-presidente-durante-caravanas","status":"publish","type":"post","link":"https:\/\/www.caririemacao.com\/1\/2019\/05\/20\/namorada-de-lula-e-sociologa-e-conheceu-ex-presidente-durante-caravanas\/","title":{"rendered":"Namorada de Lula \u00e9 soci\u00f3loga e conheceu ex-presidente durante caravanas"},"content":{"rendered":"\n<p>O jornalista Guilherme Amado, em sua&nbsp;<a href=\"https:\/\/epoca.globo.com\/guilherme-amado\/lula-conheceu-namorada-no-tempo-das-caravanas-cultiva-amizade-ha-decadas-23677447\" target=\"_blank\" rel=\"noreferrer noopener\">coluna<\/a>&nbsp;no Portal \u00c9poca, afirma que a soci\u00f3loga&nbsp;<a href=\"http:\/\/www.wscom.com.br\/noticia\/ex-ministro-revela-que-lula-esta-apaixonado-e-vai-casar-otima-forma\/\" target=\"_blank\" rel=\"noreferrer noopener\">Ros\u00e2ngela da Silva<\/a>&nbsp;\u00e9 a mulher por quem Lula est\u00e1 apaixonado e com quem tem planos de se casar. Amiga de Lula desde os tempos das caravanas da cidadania, quando se conheceram, Janja, como Ros\u00e2ngela \u00e9 chamada, vive em Curitiba, mas, segundo amigos do casal, ela \u00e9 paulista. Os dois mantiveram a amizade durante esses anos, inclusive profissionalmente.<\/p>\n\n\n\n<p>O namoro \u00e9 de conhecimento de petistas h\u00e1 mais de um ano, pois os dois namoravam mesmo antes de Lula ser preso.<\/p>\n\n\n\n<p>Ros\u00e2ngela est\u00e1 h\u00e1 16 anos anos em Itaipu Binacional. Neste per\u00edodo, segundo seu perfil em uma rede social, ela foi cedida para a Eletrobras durante tr\u00eas anos e nove meses. Segundo amigos do casal, Ros\u00e2ngela visita Lula com frequ\u00eancia na cela da PF e tem em torno de 40 anos, portanto \u00e9 algumas d\u00e9cadas mais jovem do que o ex-presidente.<\/p>\n","protected":false},"excerpt":{"rendered":"<p>O jornalista Guilherme Amado, em sua&nbsp;coluna&nbsp;no Portal \u00c9poca, afirma que a soci\u00f3loga&nbsp;Ros\u00e2ngela da Silva&nbsp;\u00e9 a mulher por quem Lula est\u00e1 apaixonado e com quem tem&hellip; <\/p>\n","protected":false},"author":1,"featured_media":95748,"comment_status":"closed","ping_status":"closed","sticky":false,"template":"","format":"standard","meta":{"sfsi_plus_gutenberg_text_before_share":"","sfsi_plus_gutenberg_show_text_before_share":"","sfsi_plus_gutenberg_icon_type":"","sfsi_plus_gutenberg_icon_alignemt":"","sfsi_plus_gutenburg_max_per_row":"","footnotes":""},"categories":[11],"tags":[],"class_list":["post-95747","post","type-post","status-publish","format-standard","has-post-thumbnail","hentry","category-politica"],"_links":{"self":[{"href":"https:\/\/www.caririemacao.com\/1\/wp-json\/wp\/v2\/posts\/95747","targetHints":{"allow":["GET"]}}],"collection":[{"href":"https:\/\/www.caririemacao.com\/1\/wp-json\/wp\/v2\/posts"}],"about":[{"href":"https:\/\/www.caririemacao.com\/1\/wp-json\/wp\/v2\/types\/post"}],"author":[{"embeddable":true,"href":"https:\/\/www.caririemacao.com\/1\/wp-json\/wp\/v2\/users\/1"}],"replies":[{"embeddable":true,"href":"https:\/\/www.caririemacao.com\/1\/wp-json\/wp\/v2\/comments?post=95747"}],"version-history":[{"count":1,"href":"https:\/\/www.caririemacao.com\/1\/wp-json\/wp\/v2\/posts\/95747\/revisions"}],"predecessor-version":[{"id":95749,"href":"https:\/\/www.caririemacao.com\/1\/wp-json\/wp\/v2\/posts\/95747\/revisions\/95749"}],"wp:featuredmedia":[{"embeddable":true,"href":"https:\/\/www.caririemacao.com\/1\/wp-json\/wp\/v2\/media\/95748"}],"wp:attachment":[{"href":"https:\/\/www.caririemacao.com\/1\/wp-json\/wp\/v2\/media?parent=95747"}],"wp:term":[{"taxonomy":"category","embeddable":true,"href":"https:\/\/www.caririemacao.com\/1\/wp-json\/wp\/v2\/categories?post=95747"},{"taxonomy":"post_tag","embeddable":true,"href":"https:\/\/www.caririemacao.com\/1\/wp-json\/wp\/v2\/tags?post=95747"}],"curies":[{"name":"wp","href":"https:\/\/api.w.org\/{rel}","templated":true}]}}