{"id":95759,"date":"2019-05-20T09:27:28","date_gmt":"2019-05-20T12:27:28","guid":{"rendered":"http:\/\/www.caririemacao.com\/1\/?p=95759"},"modified":"2019-05-20T09:27:28","modified_gmt":"2019-05-20T12:27:28","slug":"gol-cancela-voo-e-prejudica-mais-de-100-passageiros-no-aeroporto-de-campina-grande","status":"publish","type":"post","link":"https:\/\/www.caririemacao.com\/1\/2019\/05\/20\/gol-cancela-voo-e-prejudica-mais-de-100-passageiros-no-aeroporto-de-campina-grande\/","title":{"rendered":"Gol cancela voo e prejudica mais de 100 passageiros no aeroporto de Campina Grande"},"content":{"rendered":"\n<p>Mais de 100 passageiros est\u00e3o prejudicados com um atraso de mais de 3 horas em um voo para Guarulhos (SP). O voo da Gol estava marcado para sair \u00e0s 2h45 desta segunda-feira (20) do Aeroporto Jo\u00e3o Suassuna, em Campina Grande,&nbsp;&nbsp;mas at\u00e9 as 6h desta manh\u00e3 a decolagem n\u00e3o aconteceu.<\/p>\n\n\n\n<p>O site da Infraero confirmou o cancelamento do voo.<\/p>\n\n\n\n<p>Alguns passageiros chegaram \u00e0 meia-noite para poder embarcar, crian\u00e7as tiveram que dormir em cadeiras.<\/p>\n\n\n\n<p>A provid\u00eancia tomada pela companhia a\u00e9rea foi alocar os passagens em \u00f4nibus e destin\u00e1-los para os aeroportos de Jo\u00e3o Pessoa e Recife. Alguns passageiros foram deslocados para hot\u00e9is.<\/p>\n\n\n\n<p><strong>Blog do M\u00e1rcio Rangel&nbsp;<\/strong><\/p>\n","protected":false},"excerpt":{"rendered":"<p>Mais de 100 passageiros est\u00e3o prejudicados com um atraso de mais de 3 horas em um voo para Guarulhos (SP). O voo da Gol estava&hellip; <\/p>\n","protected":false},"author":1,"featured_media":95760,"comment_status":"closed","ping_status":"closed","sticky":false,"template":"","format":"standard","meta":{"sfsi_plus_gutenberg_text_before_share":"","sfsi_plus_gutenberg_show_text_before_share":"","sfsi_plus_gutenberg_icon_type":"","sfsi_plus_gutenberg_icon_alignemt":"","sfsi_plus_gutenburg_max_per_row":"","footnotes":""},"categories":[50,2],"tags":[],"class_list":["post-95759","post","type-post","status-publish","format-standard","has-post-thumbnail","hentry","category-destaque","category-geral"],"_links":{"self":[{"href":"https:\/\/www.caririemacao.com\/1\/wp-json\/wp\/v2\/posts\/95759","targetHints":{"allow":["GET"]}}],"collection":[{"href":"https:\/\/www.caririemacao.com\/1\/wp-json\/wp\/v2\/posts"}],"about":[{"href":"https:\/\/www.caririemacao.com\/1\/wp-json\/wp\/v2\/types\/post"}],"author":[{"embeddable":true,"href":"https:\/\/www.caririemacao.com\/1\/wp-json\/wp\/v2\/users\/1"}],"replies":[{"embeddable":true,"href":"https:\/\/www.caririemacao.com\/1\/wp-json\/wp\/v2\/comments?post=95759"}],"version-history":[{"count":1,"href":"https:\/\/www.caririemacao.com\/1\/wp-json\/wp\/v2\/posts\/95759\/revisions"}],"predecessor-version":[{"id":95761,"href":"https:\/\/www.caririemacao.com\/1\/wp-json\/wp\/v2\/posts\/95759\/revisions\/95761"}],"wp:featuredmedia":[{"embeddable":true,"href":"https:\/\/www.caririemacao.com\/1\/wp-json\/wp\/v2\/media\/95760"}],"wp:attachment":[{"href":"https:\/\/www.caririemacao.com\/1\/wp-json\/wp\/v2\/media?parent=95759"}],"wp:term":[{"taxonomy":"category","embeddable":true,"href":"https:\/\/www.caririemacao.com\/1\/wp-json\/wp\/v2\/categories?post=95759"},{"taxonomy":"post_tag","embeddable":true,"href":"https:\/\/www.caririemacao.com\/1\/wp-json\/wp\/v2\/tags?post=95759"}],"curies":[{"name":"wp","href":"https:\/\/api.w.org\/{rel}","templated":true}]}}