{"id":95766,"date":"2019-05-20T09:36:52","date_gmt":"2019-05-20T12:36:52","guid":{"rendered":"http:\/\/www.caririemacao.com\/1\/?p=95766"},"modified":"2019-05-20T09:36:52","modified_gmt":"2019-05-20T12:36:52","slug":"semana-do-microempreendedor-individual-comeca-nesta-segunda-em-monteiro-e-outras-20-cidades","status":"publish","type":"post","link":"https:\/\/www.caririemacao.com\/1\/2019\/05\/20\/semana-do-microempreendedor-individual-comeca-nesta-segunda-em-monteiro-e-outras-20-cidades\/","title":{"rendered":"Semana do Microempreendedor Individual come\u00e7a nesta segunda em Monteiro e outras 20 cidades"},"content":{"rendered":"\n<p>Come\u00e7ou nesta segunda-feira (20), em Monteiro e outros 20 munic\u00edpios da Para\u00edba, a Semana do Microempreendedor individual . At\u00e9 sexta-feira (24), ao menos 46 eventos ligados ao microempreendedorismo e ao marketing devem acontecer por todo o estado.<\/p>\n\n\n\n<p>A programa\u00e7\u00e3o \u00e9 voltada para a orienta\u00e7\u00e3o e capacita\u00e7\u00e3o de empreendedores, contando com palestras e oficinas voltadas aos neg\u00f3cios. Os seguintes munic\u00edpios contar\u00e3o com as atividades: Jo\u00e3o Pessoa, Campina Grande, Patos, Caapor\u00e3, Monteiro, Itaporanga, Sousa, Cajazeiras, Pombal, S\u00e3o Bento, Santa Luzia, Uira\u00fana, Sert\u00e3ozinho, Bel\u00e9m, Serra da Raiz, Duas Estradas, Borborema, Sap\u00e9, Mari, Ara\u00e7agi e Alagoinha.<\/p>\n\n\n\n<p>As atividades em Jo\u00e3o Pessoa acontecem entre os dias 20 e 22 de maio, na Casa do Empreendedor, no bairro do Varadouro. Em Campina Grande, a Oficina Sebrae de Empreendedorismo (OSE) ocorre nos dias 20 a 24 de maio, no campus do Instituto Federal de Educa\u00e7\u00e3o, Ci\u00eancia e Tecnologia da Para\u00edba (IFPB), localizado no bairro Dinam\u00e9rica.<\/p>\n\n\n\n<p>Em Patos, o evento ocorre em um espa\u00e7o montado no estacionamento do Patos Shopping, dos dias 20 a 23. Nas outras cidades, o evento ser\u00e1 realizado em uma ag\u00eancia ou unidade Sebrae local.<\/p>\n\n\n\n<p>Al\u00e9m das palestras e oficinas, ser\u00e1 oferecido atendimento para formaliza\u00e7\u00e3o, declara\u00e7\u00e3o de rendimentos, emiss\u00e3o de guias, regulariza\u00e7\u00e3o de pend\u00eancias e atendimento sobre microcr\u00e9dito das 9h \u00e0s 16h, na Casa do Empreendedor e nas ag\u00eancias do Sebrae no Bairro dos Estados e Mangabeira, em Jo\u00e3o Pessoa, e na ag\u00eancia do Sebrae, em Campina Grande.<\/p>\n","protected":false},"excerpt":{"rendered":"<p>Come\u00e7ou nesta segunda-feira (20), em Monteiro e outros 20 munic\u00edpios da Para\u00edba, a Semana do Microempreendedor individual . At\u00e9 sexta-feira (24), ao menos 46 eventos&hellip; <\/p>\n","protected":false},"author":1,"featured_media":95109,"comment_status":"closed","ping_status":"closed","sticky":false,"template":"","format":"standard","meta":{"sfsi_plus_gutenberg_text_before_share":"","sfsi_plus_gutenberg_show_text_before_share":"","sfsi_plus_gutenberg_icon_type":"","sfsi_plus_gutenberg_icon_alignemt":"","sfsi_plus_gutenburg_max_per_row":"","footnotes":""},"categories":[6],"tags":[],"class_list":["post-95766","post","type-post","status-publish","format-standard","has-post-thumbnail","hentry","category-cidades"],"_links":{"self":[{"href":"https:\/\/www.caririemacao.com\/1\/wp-json\/wp\/v2\/posts\/95766","targetHints":{"allow":["GET"]}}],"collection":[{"href":"https:\/\/www.caririemacao.com\/1\/wp-json\/wp\/v2\/posts"}],"about":[{"href":"https:\/\/www.caririemacao.com\/1\/wp-json\/wp\/v2\/types\/post"}],"author":[{"embeddable":true,"href":"https:\/\/www.caririemacao.com\/1\/wp-json\/wp\/v2\/users\/1"}],"replies":[{"embeddable":true,"href":"https:\/\/www.caririemacao.com\/1\/wp-json\/wp\/v2\/comments?post=95766"}],"version-history":[{"count":1,"href":"https:\/\/www.caririemacao.com\/1\/wp-json\/wp\/v2\/posts\/95766\/revisions"}],"predecessor-version":[{"id":95767,"href":"https:\/\/www.caririemacao.com\/1\/wp-json\/wp\/v2\/posts\/95766\/revisions\/95767"}],"wp:featuredmedia":[{"embeddable":true,"href":"https:\/\/www.caririemacao.com\/1\/wp-json\/wp\/v2\/media\/95109"}],"wp:attachment":[{"href":"https:\/\/www.caririemacao.com\/1\/wp-json\/wp\/v2\/media?parent=95766"}],"wp:term":[{"taxonomy":"category","embeddable":true,"href":"https:\/\/www.caririemacao.com\/1\/wp-json\/wp\/v2\/categories?post=95766"},{"taxonomy":"post_tag","embeddable":true,"href":"https:\/\/www.caririemacao.com\/1\/wp-json\/wp\/v2\/tags?post=95766"}],"curies":[{"name":"wp","href":"https:\/\/api.w.org\/{rel}","templated":true}]}}