{"id":95768,"date":"2019-05-20T09:42:54","date_gmt":"2019-05-20T12:42:54","guid":{"rendered":"http:\/\/www.caririemacao.com\/1\/?p=95768"},"modified":"2019-05-20T09:42:54","modified_gmt":"2019-05-20T12:42:54","slug":"interpretado-por-osmando-silva-um-coco-pra-jackson-e-finalista-em-festival-de-musica","status":"publish","type":"post","link":"https:\/\/www.caririemacao.com\/1\/2019\/05\/20\/interpretado-por-osmando-silva-um-coco-pra-jackson-e-finalista-em-festival-de-musica\/","title":{"rendered":"Interpretado por Osmando Silva, \u2018Um coco pra Jackson\u2019 \u00e9 finalista em Festival de M\u00fasica"},"content":{"rendered":"\n<p>Sete can\u00e7\u00f5es conquistaram vagas na final\u00edssima do II Festival de M\u00fasica da Para\u00edba, na eliminat\u00f3ria de s\u00e1bado \u00e0 noite, dia 18, na cidade de Alagoa Grande. Ap\u00f3s 15 selecionados passarem pelo palco armado em frente ao teatro&nbsp; Santa Ignez, os finalistas foram anunciados pelos apresentadores Amanda Falc\u00e3o e Daniel Porpino. O II Festival de&nbsp; M\u00fasica da Para\u00edba \u00e9 uma realiza\u00e7\u00e3o da Funda\u00e7\u00e3o Espa\u00e7o Cultural da Para\u00edba (Funesc), Secom, R\u00e1dio Tabajara e&nbsp; Empresa Paraibana de Comunica\u00e7\u00e3o (EPC). Essa eliminat\u00f3ria teve apoio da Prefeitura de Alagoa Grande.<\/p>\n\n\n\n<p>J\u00e1 garantiram participa\u00e7\u00e3o na final\u00edssima do pr\u00f3ximo dia 31, no Teatro de Arena, em Jo\u00e3o Pessoa, as seguintes&nbsp; can\u00e7\u00f5es (em ordem alfab\u00e9tica): \u2018Baile de pandeiro\u2019 (Xisto Medeiros e Acilino Madeira) \u2013 interpretada por Xisto&nbsp; Medeiros; \u2018Brasil Col\u00f4mbia\u2019 (Pedro Faissal) \u2013 interpretada por Pedro Faissal; \u2018Carta pra Maria (Chico Limeira) \u2013&nbsp; &nbsp;interpretada por Chico Limeira.<\/p>\n\n\n\n<p>A lista de finalistas tem, ainda, \u2018Meus ideais\u2019 (Mebiah) \u2013 interpretada por Mebiah; \u2018Para al\u00e9m de paracetam\u00f3is\u2019 (Tit\u00e1&nbsp; Moura)- interpretada por Tit\u00e1 Moura; \u2018Tia Ciata\u2019 (Nara Santos) \u2013&nbsp; interpretada por Nara Santos, Ana Catarina Le\u00e3o e&nbsp; Rosenilha Fajardo; e \u2018Um coco pra Jackson\u2019 (Miguel Monteiro) \u201cFoto\u201d, interpretada por Osmando Silva. Ano passado,&nbsp; o evento prestou homenagem a Zab\u00e9 da Loca. Esta segunda edi\u00e7\u00e3o homenageia o centen\u00e1rio de nascimento de&nbsp; Jackson do Pandeiro, o \u2018rei do ritmo\u2019.<\/p>\n\n\n\n<p>\u201c\u00c9 uma noite de gratid\u00e3o. Importante agradecer aos parceiros R\u00e1dio Tabajara, Secom e Empresa Paraibana de&nbsp; Comunica\u00e7\u00e3o e, principalmente, ao p\u00fablico, que saiu de casa para prestigiar a m\u00fasica autoral da Para\u00edba. Esse&nbsp; Festival nasceu para colocar em evid\u00eancia aquilo que temos de mais rico no cen\u00e1rio musical paraibano\u201d, disse N\u00e9zia&nbsp; Gomes, presidenta da Funesc, destacando a empolga\u00e7\u00e3o das cerca de duas mil pessoas que lotaram a \u00e1rea em&nbsp; frente ao teatro Santa Ignez.<\/p>\n\n\n\n<p>A eliminat\u00f3ria de Alagoa Grande tamb\u00e9m contou com as can\u00e7\u00f5es \u2018No seu lugar\u2019 (Lucas Barreto e Everton Avelino) \u2013 interpretada por Lucas Barreto; \u2018Vou danado pra Campina\u2019 (Marcos Santos) \u2013 interpretada por Yuri Carvalho;&nbsp; Diagn\u00f3stico\u2019 (Fabio Smith e Roberto Ara\u00fajo) \u2013 interpretada por Nathalie de Lima; \u2018Hist\u00f3ria de vida 2\u2019 (PDR_Poeta do&nbsp; Rap) \u2013 interpretada por PDR _ Poeta do Rap; \u2018Balan\u00e7ando a feira (Renan Rezende) \u2013 interpretada pelo Quarteto Avu\u00f4;&nbsp; \u2018Tudo o que a estrada d\u00e1\u2019 (Daniela Rezende) \u2013 interpretada por Daniela Rezende; \u2018Um ser melhor\u2019 (Myra) \u2013&nbsp; interpretada por Myra; e \u2018Remendos\u2019 (Ruanna) \u2013 interpretada por Ruanna.<\/p>\n\n\n\n<p>Depois dessa eliminat\u00f3ria em Alagoa Grande, no Brejo, haver\u00e1 uma segunda eliminat\u00f3ria em Monteiro, na regi\u00e3o do&nbsp; Cariri, no pr\u00f3ximo dia 25. Mais uma vez, ser\u00e3o apresentadas 15 m\u00fasicas (disputando mais sete vagas). J\u00e1 a final\u00edssima&nbsp; ocorrer\u00e1 em Jo\u00e3o Pessoa, no dia 31 de maio. Ser\u00e3o pagos R$ 20 mil em pr\u00eamios, sendo R$ 10 mil para o&nbsp; primeiro colocado, R$ 5 mil para o segundo, R$ 3 mil para o terceiro e R$ 2 mil para melhor int\u00e9rprete. A curadoria&nbsp; para a sele\u00e7\u00e3o foi feita por Gabriel&nbsp; Murilo (de Minas Gerais), Fl\u00e1vio Abreu (de S\u00e3o Paulo) e Eron Quintiliano (do Rio&nbsp; Grande do Sul).<\/p>\n\n\n\n<p>Em Monteiro, subir\u00e3o ao palco as seguintes can\u00e7\u00f5es, com a seguinte ordem de entrada: \u2018Terra \u00e0 vista\u2019 (Yanca&nbsp; Medeiros); \u2018Pandeiro\u2019 (Yuri Gonzaga, Z\u00e9 Neto e Carlos Henrique); \u2018Maldito\u2019 (Caique Ferreira); \u2018A vida \u00e9 sonho\u2019 (J\u00e9ssica&nbsp; Melo e Ari Rodrigues); \u2018Varal de bem querer\u2019 (Amorim); \u2018Canto protetor\u2019 (Tiago Sotero); \u2018Meu recado\u2019 (Wagner&nbsp; Malta); \u2018Apneia\u2019 (Cerebraz); \u2018Calamidade\u2019 (Willames Dniz); \u2018Florescer\u2019 (Tathy Martins); \u2018Brados do guerreiro\u2019 (Alberto&nbsp; Batista); \u2018O que vale?\u2019 (Nelson Nunes Farias); \u2018Descoberta\u2019 (Lucas Gai\u00e3o); \u2018Nordeste imenso\u2019 (Raabe Catarine) e&nbsp; \u2018Clareou\u2019 (Jeann Bin). O show especial de encerramento ser\u00e1 de Totonho.<\/p>\n","protected":false},"excerpt":{"rendered":"<p>Sete can\u00e7\u00f5es conquistaram vagas na final\u00edssima do II Festival de M\u00fasica da Para\u00edba, na eliminat\u00f3ria de s\u00e1bado \u00e0 noite, dia 18, na cidade de Alagoa&hellip; <\/p>\n","protected":false},"author":1,"featured_media":95769,"comment_status":"closed","ping_status":"closed","sticky":false,"template":"","format":"standard","meta":{"sfsi_plus_gutenberg_text_before_share":"","sfsi_plus_gutenberg_show_text_before_share":"","sfsi_plus_gutenberg_icon_type":"","sfsi_plus_gutenberg_icon_alignemt":"","sfsi_plus_gutenburg_max_per_row":"","footnotes":""},"categories":[6,50],"tags":[],"class_list":["post-95768","post","type-post","status-publish","format-standard","has-post-thumbnail","hentry","category-cidades","category-destaque"],"_links":{"self":[{"href":"https:\/\/www.caririemacao.com\/1\/wp-json\/wp\/v2\/posts\/95768","targetHints":{"allow":["GET"]}}],"collection":[{"href":"https:\/\/www.caririemacao.com\/1\/wp-json\/wp\/v2\/posts"}],"about":[{"href":"https:\/\/www.caririemacao.com\/1\/wp-json\/wp\/v2\/types\/post"}],"author":[{"embeddable":true,"href":"https:\/\/www.caririemacao.com\/1\/wp-json\/wp\/v2\/users\/1"}],"replies":[{"embeddable":true,"href":"https:\/\/www.caririemacao.com\/1\/wp-json\/wp\/v2\/comments?post=95768"}],"version-history":[{"count":1,"href":"https:\/\/www.caririemacao.com\/1\/wp-json\/wp\/v2\/posts\/95768\/revisions"}],"predecessor-version":[{"id":95770,"href":"https:\/\/www.caririemacao.com\/1\/wp-json\/wp\/v2\/posts\/95768\/revisions\/95770"}],"wp:featuredmedia":[{"embeddable":true,"href":"https:\/\/www.caririemacao.com\/1\/wp-json\/wp\/v2\/media\/95769"}],"wp:attachment":[{"href":"https:\/\/www.caririemacao.com\/1\/wp-json\/wp\/v2\/media?parent=95768"}],"wp:term":[{"taxonomy":"category","embeddable":true,"href":"https:\/\/www.caririemacao.com\/1\/wp-json\/wp\/v2\/categories?post=95768"},{"taxonomy":"post_tag","embeddable":true,"href":"https:\/\/www.caririemacao.com\/1\/wp-json\/wp\/v2\/tags?post=95768"}],"curies":[{"name":"wp","href":"https:\/\/api.w.org\/{rel}","templated":true}]}}