{"id":95773,"date":"2019-05-20T11:57:03","date_gmt":"2019-05-20T14:57:03","guid":{"rendered":"http:\/\/www.caririemacao.com\/1\/?p=95773"},"modified":"2019-05-20T12:10:23","modified_gmt":"2019-05-20T15:10:23","slug":"prefeitura-de-prata-continua-beneficiando-familias-com-entrega-de-alimentos%ef%bb%bf","status":"publish","type":"post","link":"https:\/\/www.caririemacao.com\/1\/2019\/05\/20\/prefeitura-de-prata-continua-beneficiando-familias-com-entrega-de-alimentos%ef%bb%bf\/","title":{"rendered":"Prefeitura de Prata continua beneficiando fam\u00edlias com entrega de alimentos"},"content":{"rendered":"\n<p>Na manh\u00e3 desta segunda-feira (20\/06), a prefeitura de Prata realizou mais uma entrega de alimentos por meio da parceria entre a prefeitura e a Conab.<\/p>\n\n\n\n<figure class=\"wp-block-image\"><img fetchpriority=\"high\" decoding=\"async\" width=\"1024\" height=\"768\" src=\"http:\/\/www.caririemacao.com\/1\/wp-content\/uploads\/2019\/05\/WhatsApp-Image-2019-05-20-at-11.15.44-1024x768.jpeg\" alt=\"\" class=\"wp-image-95774\" srcset=\"https:\/\/www.caririemacao.com\/1\/wp-content\/uploads\/2019\/05\/WhatsApp-Image-2019-05-20-at-11.15.44-1024x768.jpeg 1024w, https:\/\/www.caririemacao.com\/1\/wp-content\/uploads\/2019\/05\/WhatsApp-Image-2019-05-20-at-11.15.44-300x225.jpeg 300w, https:\/\/www.caririemacao.com\/1\/wp-content\/uploads\/2019\/05\/WhatsApp-Image-2019-05-20-at-11.15.44-768x576.jpeg 768w\" sizes=\"(max-width: 1024px) 100vw, 1024px\" \/><\/figure>\n\n\n\n<p>O prefeito J\u00fanior informou que a Secretaria Municipal de\nA\u00e7\u00e3o Social continua com sua agenda de entrega de alimentos as pessoas carentes\ndo munic\u00edpio, atendendo fam\u00edlias nos assentamentos do munic\u00edpio da Prata.<\/p>\n","protected":false},"excerpt":{"rendered":"<p>Na manh\u00e3 desta segunda-feira (20\/06), a prefeitura de Prata realizou mais uma entrega de alimentos por meio da parceria entre a prefeitura e a Conab.&hellip; <\/p>\n","protected":false},"author":2,"featured_media":95775,"comment_status":"closed","ping_status":"closed","sticky":false,"template":"","format":"standard","meta":{"sfsi_plus_gutenberg_text_before_share":"","sfsi_plus_gutenberg_show_text_before_share":"","sfsi_plus_gutenberg_icon_type":"","sfsi_plus_gutenberg_icon_alignemt":"","sfsi_plus_gutenburg_max_per_row":"","footnotes":""},"categories":[6],"tags":[],"class_list":["post-95773","post","type-post","status-publish","format-standard","has-post-thumbnail","hentry","category-cidades"],"_links":{"self":[{"href":"https:\/\/www.caririemacao.com\/1\/wp-json\/wp\/v2\/posts\/95773","targetHints":{"allow":["GET"]}}],"collection":[{"href":"https:\/\/www.caririemacao.com\/1\/wp-json\/wp\/v2\/posts"}],"about":[{"href":"https:\/\/www.caririemacao.com\/1\/wp-json\/wp\/v2\/types\/post"}],"author":[{"embeddable":true,"href":"https:\/\/www.caririemacao.com\/1\/wp-json\/wp\/v2\/users\/2"}],"replies":[{"embeddable":true,"href":"https:\/\/www.caririemacao.com\/1\/wp-json\/wp\/v2\/comments?post=95773"}],"version-history":[{"count":3,"href":"https:\/\/www.caririemacao.com\/1\/wp-json\/wp\/v2\/posts\/95773\/revisions"}],"predecessor-version":[{"id":95790,"href":"https:\/\/www.caririemacao.com\/1\/wp-json\/wp\/v2\/posts\/95773\/revisions\/95790"}],"wp:featuredmedia":[{"embeddable":true,"href":"https:\/\/www.caririemacao.com\/1\/wp-json\/wp\/v2\/media\/95775"}],"wp:attachment":[{"href":"https:\/\/www.caririemacao.com\/1\/wp-json\/wp\/v2\/media?parent=95773"}],"wp:term":[{"taxonomy":"category","embeddable":true,"href":"https:\/\/www.caririemacao.com\/1\/wp-json\/wp\/v2\/categories?post=95773"},{"taxonomy":"post_tag","embeddable":true,"href":"https:\/\/www.caririemacao.com\/1\/wp-json\/wp\/v2\/tags?post=95773"}],"curies":[{"name":"wp","href":"https:\/\/api.w.org\/{rel}","templated":true}]}}