{"id":95776,"date":"2019-05-20T11:57:05","date_gmt":"2019-05-20T14:57:05","guid":{"rendered":"http:\/\/www.caririemacao.com\/1\/?p=95776"},"modified":"2019-05-20T11:57:05","modified_gmt":"2019-05-20T14:57:05","slug":"governador-se-reune-hoje-com-bancada-de-deputados-estaduais-socialistas","status":"publish","type":"post","link":"https:\/\/www.caririemacao.com\/1\/2019\/05\/20\/governador-se-reune-hoje-com-bancada-de-deputados-estaduais-socialistas\/","title":{"rendered":"Governador se re\u00fane hoje com bancada de deputados estaduais socialistas"},"content":{"rendered":"\n<p>&nbsp;governador Jo\u00e3o Azev\u00eado ir\u00e1 se reunir na tarde desta segunda-feira (20) com os deputados estaduais de seu partido, o PSB, para alinhar os ponteiros e definir posicionamentos. Recentemente, Jo\u00e3o Azev\u00eado tem mantido reuni\u00f5es com os deputados que comp\u00f5em a sua base na Assembleia Legislativa da Para\u00edba.<\/p>\n\n\n\n<p>Em entrevista coletiva, Jo\u00e3o Azev\u00eado apontou que na reuni\u00e3o a ser mantida com integrantes do partido hoje, vai procurar conversar &#8220;para que a gente possa definir, tamb\u00e9m, internamente, os caminhos, os rumos que estamos tomando e, evidentemente, numa conversa extremamente clara e objetiva&#8221;.<\/p>\n\n\n\n<p>Na \u00faltima semana o governador esteve reunido tamb\u00e9m com os integrantes do G10, novo grupo que integra a base do governo na Assembleia Legislativa da Para\u00edba. Jo\u00e3o Azev\u00eado considerou que &#8220;foi uma reuni\u00e3o normal, bastante proveitosa, que discutiu v\u00e1rios pontos de interesse do estado&#8221;. Ele apontou ainda que foi dado destaque \u00e0 discuss\u00e3o de projetos que tramitam na Assembleia.<br><\/p>\n","protected":false},"excerpt":{"rendered":"<p>&nbsp;governador Jo\u00e3o Azev\u00eado ir\u00e1 se reunir na tarde desta segunda-feira (20) com os deputados estaduais de seu partido, o PSB, para alinhar os ponteiros e&hellip; <\/p>\n","protected":false},"author":1,"featured_media":95024,"comment_status":"closed","ping_status":"closed","sticky":false,"template":"","format":"standard","meta":{"sfsi_plus_gutenberg_text_before_share":"","sfsi_plus_gutenberg_show_text_before_share":"","sfsi_plus_gutenberg_icon_type":"","sfsi_plus_gutenberg_icon_alignemt":"","sfsi_plus_gutenburg_max_per_row":"","footnotes":""},"categories":[11],"tags":[],"class_list":["post-95776","post","type-post","status-publish","format-standard","has-post-thumbnail","hentry","category-politica"],"_links":{"self":[{"href":"https:\/\/www.caririemacao.com\/1\/wp-json\/wp\/v2\/posts\/95776","targetHints":{"allow":["GET"]}}],"collection":[{"href":"https:\/\/www.caririemacao.com\/1\/wp-json\/wp\/v2\/posts"}],"about":[{"href":"https:\/\/www.caririemacao.com\/1\/wp-json\/wp\/v2\/types\/post"}],"author":[{"embeddable":true,"href":"https:\/\/www.caririemacao.com\/1\/wp-json\/wp\/v2\/users\/1"}],"replies":[{"embeddable":true,"href":"https:\/\/www.caririemacao.com\/1\/wp-json\/wp\/v2\/comments?post=95776"}],"version-history":[{"count":1,"href":"https:\/\/www.caririemacao.com\/1\/wp-json\/wp\/v2\/posts\/95776\/revisions"}],"predecessor-version":[{"id":95778,"href":"https:\/\/www.caririemacao.com\/1\/wp-json\/wp\/v2\/posts\/95776\/revisions\/95778"}],"wp:featuredmedia":[{"embeddable":true,"href":"https:\/\/www.caririemacao.com\/1\/wp-json\/wp\/v2\/media\/95024"}],"wp:attachment":[{"href":"https:\/\/www.caririemacao.com\/1\/wp-json\/wp\/v2\/media?parent=95776"}],"wp:term":[{"taxonomy":"category","embeddable":true,"href":"https:\/\/www.caririemacao.com\/1\/wp-json\/wp\/v2\/categories?post=95776"},{"taxonomy":"post_tag","embeddable":true,"href":"https:\/\/www.caririemacao.com\/1\/wp-json\/wp\/v2\/tags?post=95776"}],"curies":[{"name":"wp","href":"https:\/\/api.w.org\/{rel}","templated":true}]}}