{"id":95779,"date":"2019-05-20T12:01:21","date_gmt":"2019-05-20T15:01:21","guid":{"rendered":"http:\/\/www.caririemacao.com\/1\/?p=95779"},"modified":"2019-05-20T12:01:21","modified_gmt":"2019-05-20T15:01:21","slug":"pm-lanca-edital-para-o-cfo-2020-e-inscricoes-comecam-no-dia-1o-de-junho","status":"publish","type":"post","link":"https:\/\/www.caririemacao.com\/1\/2019\/05\/20\/pm-lanca-edital-para-o-cfo-2020-e-inscricoes-comecam-no-dia-1o-de-junho\/","title":{"rendered":"PM lan\u00e7a edital para o CFO 2020 e inscri\u00e7\u00f5es come\u00e7am no dia 1\u00ba de junho"},"content":{"rendered":"\n<p>O edital do concurso CFO da Pol\u00edcia Militar 2020 foi lan\u00e7ado nesta segunda-feira (20), com 30 vagas para candidatos com ensino m\u00e9dio de escolaridade.&nbsp;A remunera\u00e7\u00e3o atual do primeiro posto de oficial da PM, que \u00e9 o 2\u00ba tenente, \u00e9 de R$ 7.253,26.&nbsp;<\/p>\n\n\n\n<p>As inscri\u00e7\u00f5es j\u00e1 come\u00e7am no dia 1\u00ba de junho, no&nbsp;<a href=\"http:\/\/www.pm.pb.gov.br\/portal\/\">site da Pol\u00edcia Militar<\/a>,&nbsp;com taxa de R$ 50 \u2013 mesmo valor cobrado no ano passado.<\/p>\n\n\n\n<p>Para concorrer, os interessados devem estar inscritos no Exame Nacional do Ensino M\u00e9dio (ENEM 2019) e observar os requisitos exigidos no concurso, que est\u00e3o logo no come\u00e7o do edital, dispon\u00edvel no site da PM e no Di\u00e1rio Oficial do \u00faltimo s\u00e1bado (18). Entre as exig\u00eancias, tem a idade (completar entre 18 e 32 anos no ano da matr\u00edcula no curso, que \u00e9 2020), a altura (1,65 m para homens e 1,60 m para mulheres) e ser aprovado em todas as etapas do concurso.<\/p>\n\n\n\n<p>O certame tem cinco fases: a intelectual, os exames de sa\u00fade, os de aptid\u00e3o f\u00edsica, psicol\u00f3gica e avalia\u00e7\u00e3o Social. A primeira etapa \u00e9 o ENEM, que acontecer\u00e1 nos dias 3 e 10 de novembro. Candidatos classificados em at\u00e9 5 vezes o n\u00famero de vagas, ser\u00e3o chamados para as demais fases do concurso.<\/p>\n\n\n\n<p>Isen\u00e7\u00e3o da taxa de inscri\u00e7\u00e3o \u2013 Doadores de sangue, que nos \u00faltimos doze meses realizarem tr\u00eas doa\u00e7\u00f5es, doadores de medula \u00f3ssea cadastrados na rede oficial e doadoras regulares de leite materno at\u00e9 um ano atr\u00e1s t\u00eam isen\u00e7\u00e3o da taxa de inscri\u00e7\u00e3o. Para isso, os candidatos e candidatas devem fazer uma solicita\u00e7\u00e3o, do dia 1\u00ba ao dia 5 de junho, das 8h \u00e0s 12h30, na sede do Comando Geral da PM, no centro da Capital.<\/p>\n\n\n\n<p>O concurso do CFO, al\u00e9m da carreira promissora, podendo chegar at\u00e9 o posto de coronel da PM, tem o diferencial de que os aprovados j\u00e1 come\u00e7am a receber remunera\u00e7\u00e3o durante o per\u00edodo de forma\u00e7\u00e3o, come\u00e7ando logo no primeiro ano de curso, no valor de R$ 2.924,89.<\/p>\n\n\n\n<p>A forma\u00e7\u00e3o prepara o profissional para comandar e coordenar as a\u00e7\u00f5es de seguran\u00e7a p\u00fablica, al\u00e9m do assessoramento ao comando, gerenciando tamb\u00e9m os recursos humanos e log\u00edsticos. O oficial \u00e9 respons\u00e1vel tamb\u00e9m pelo planejamento de a\u00e7\u00f5es e opera\u00e7\u00f5es, desenvolvendo processos e procedimentos administrativos militares, de estudos t\u00e9cnicos e capacita\u00e7\u00e3o profissional, a fim de proteger e preservar a vida dos cidad\u00e3os e garantir o pleno exerc\u00edcio dos seus direitos.<\/p>\n","protected":false},"excerpt":{"rendered":"<p>O edital do concurso CFO da Pol\u00edcia Militar 2020 foi lan\u00e7ado nesta segunda-feira (20), com 30 vagas para candidatos com ensino m\u00e9dio de escolaridade.&nbsp;A remunera\u00e7\u00e3o&hellip; <\/p>\n","protected":false},"author":1,"featured_media":95780,"comment_status":"closed","ping_status":"closed","sticky":false,"template":"","format":"standard","meta":{"sfsi_plus_gutenberg_text_before_share":"","sfsi_plus_gutenberg_show_text_before_share":"","sfsi_plus_gutenberg_icon_type":"","sfsi_plus_gutenberg_icon_alignemt":"","sfsi_plus_gutenburg_max_per_row":"","footnotes":""},"categories":[2],"tags":[],"class_list":["post-95779","post","type-post","status-publish","format-standard","has-post-thumbnail","hentry","category-geral"],"_links":{"self":[{"href":"https:\/\/www.caririemacao.com\/1\/wp-json\/wp\/v2\/posts\/95779","targetHints":{"allow":["GET"]}}],"collection":[{"href":"https:\/\/www.caririemacao.com\/1\/wp-json\/wp\/v2\/posts"}],"about":[{"href":"https:\/\/www.caririemacao.com\/1\/wp-json\/wp\/v2\/types\/post"}],"author":[{"embeddable":true,"href":"https:\/\/www.caririemacao.com\/1\/wp-json\/wp\/v2\/users\/1"}],"replies":[{"embeddable":true,"href":"https:\/\/www.caririemacao.com\/1\/wp-json\/wp\/v2\/comments?post=95779"}],"version-history":[{"count":1,"href":"https:\/\/www.caririemacao.com\/1\/wp-json\/wp\/v2\/posts\/95779\/revisions"}],"predecessor-version":[{"id":95781,"href":"https:\/\/www.caririemacao.com\/1\/wp-json\/wp\/v2\/posts\/95779\/revisions\/95781"}],"wp:featuredmedia":[{"embeddable":true,"href":"https:\/\/www.caririemacao.com\/1\/wp-json\/wp\/v2\/media\/95780"}],"wp:attachment":[{"href":"https:\/\/www.caririemacao.com\/1\/wp-json\/wp\/v2\/media?parent=95779"}],"wp:term":[{"taxonomy":"category","embeddable":true,"href":"https:\/\/www.caririemacao.com\/1\/wp-json\/wp\/v2\/categories?post=95779"},{"taxonomy":"post_tag","embeddable":true,"href":"https:\/\/www.caririemacao.com\/1\/wp-json\/wp\/v2\/tags?post=95779"}],"curies":[{"name":"wp","href":"https:\/\/api.w.org\/{rel}","templated":true}]}}