{"id":95782,"date":"2019-05-20T12:03:18","date_gmt":"2019-05-20T15:03:18","guid":{"rendered":"http:\/\/www.caririemacao.com\/1\/?p=95782"},"modified":"2019-05-20T12:03:18","modified_gmt":"2019-05-20T15:03:18","slug":"para-economizar-r-15-milhao-por-ano-uepb-anuncia-fechamento-de-grafica","status":"publish","type":"post","link":"https:\/\/www.caririemacao.com\/1\/2019\/05\/20\/para-economizar-r-15-milhao-por-ano-uepb-anuncia-fechamento-de-grafica\/","title":{"rendered":"Para economizar R$ 1,5 milh\u00e3o por ano, UEPB anuncia fechamento de gr\u00e1fica"},"content":{"rendered":"\n<p>Com o objetivo de reduzir custos, a Universidade Estadual da Para\u00edba (UEPB) ir\u00e1 fechar a sua gr\u00e1fica at\u00e9 o fim de junho deste ano. Com o corte, \u00e9 estimada uma economia de at\u00e9 R$ 600 mil somente at\u00e9 o fim deste ano de 2019.<\/p>\n\n\n\n<p>Por ano, a gr\u00e1fica custa em torno de R$ 1,5 milh\u00e3o somando todas as despesas, como maquin\u00e1rio e funcion\u00e1rios, segundo informa\u00e7\u00f5es da assessoria de imprensa da UEPB. No pr\u00f3ximo ano, a economia estimada \u00e9 exatamente esta.<\/p>\n\n\n\n<p>As finan\u00e7as da UEPB n\u00e3o andam bem j\u00e1 h\u00e1 algum tempo. Os gestores da institui\u00e7\u00e3o reclamam que o Governo do Estado n\u00e3o repassa dinheiro para a Universidade Estadual da Para\u00edba como deveria. E, j\u00e1 que \u00e9 necess\u00e1ria uma redu\u00e7\u00e3o mais dr\u00e1stica de custos, a UEPB ponderou que o que pode ser cortado com mais urg\u00eancia \u00e9 a gr\u00e1fica.<\/p>\n\n\n\n<p>Apesar do fim dos servi\u00e7os de gr\u00e1fica, a Editora da UEPB seguir\u00e1 funcionando. A diferen\u00e7a \u00e9 que agora os servi\u00e7os de impress\u00e3o necess\u00e1rios dever\u00e3o ser terceirizados.<\/p>\n\n\n\n<p>Todos os funcion\u00e1rios que atuam na gr\u00e1fica ser\u00e3o demitidos ap\u00f3s o seu fechamento.&nbsp;Segundo informou a assessoria de imprensa da UEPB, n\u00e3o havia nenhum servidor efetivo no quadro da gr\u00e1fica e todos seriam contratados. O maquin\u00e1rio que existe na Gr\u00e1fica dever\u00e1 ainda ser leiloado, j\u00e1 que n\u00e3o ser\u00e1 mais utilizado.<\/p>\n","protected":false},"excerpt":{"rendered":"<p>Com o objetivo de reduzir custos, a Universidade Estadual da Para\u00edba (UEPB) ir\u00e1 fechar a sua gr\u00e1fica at\u00e9 o fim de junho deste ano. Com&hellip; <\/p>\n","protected":false},"author":1,"featured_media":95783,"comment_status":"closed","ping_status":"closed","sticky":false,"template":"","format":"standard","meta":{"sfsi_plus_gutenberg_text_before_share":"","sfsi_plus_gutenberg_show_text_before_share":"","sfsi_plus_gutenberg_icon_type":"","sfsi_plus_gutenberg_icon_alignemt":"","sfsi_plus_gutenburg_max_per_row":"","footnotes":""},"categories":[2],"tags":[],"class_list":["post-95782","post","type-post","status-publish","format-standard","has-post-thumbnail","hentry","category-geral"],"_links":{"self":[{"href":"https:\/\/www.caririemacao.com\/1\/wp-json\/wp\/v2\/posts\/95782","targetHints":{"allow":["GET"]}}],"collection":[{"href":"https:\/\/www.caririemacao.com\/1\/wp-json\/wp\/v2\/posts"}],"about":[{"href":"https:\/\/www.caririemacao.com\/1\/wp-json\/wp\/v2\/types\/post"}],"author":[{"embeddable":true,"href":"https:\/\/www.caririemacao.com\/1\/wp-json\/wp\/v2\/users\/1"}],"replies":[{"embeddable":true,"href":"https:\/\/www.caririemacao.com\/1\/wp-json\/wp\/v2\/comments?post=95782"}],"version-history":[{"count":1,"href":"https:\/\/www.caririemacao.com\/1\/wp-json\/wp\/v2\/posts\/95782\/revisions"}],"predecessor-version":[{"id":95784,"href":"https:\/\/www.caririemacao.com\/1\/wp-json\/wp\/v2\/posts\/95782\/revisions\/95784"}],"wp:featuredmedia":[{"embeddable":true,"href":"https:\/\/www.caririemacao.com\/1\/wp-json\/wp\/v2\/media\/95783"}],"wp:attachment":[{"href":"https:\/\/www.caririemacao.com\/1\/wp-json\/wp\/v2\/media?parent=95782"}],"wp:term":[{"taxonomy":"category","embeddable":true,"href":"https:\/\/www.caririemacao.com\/1\/wp-json\/wp\/v2\/categories?post=95782"},{"taxonomy":"post_tag","embeddable":true,"href":"https:\/\/www.caririemacao.com\/1\/wp-json\/wp\/v2\/tags?post=95782"}],"curies":[{"name":"wp","href":"https:\/\/api.w.org\/{rel}","templated":true}]}}