{"id":95786,"date":"2019-05-20T12:07:18","date_gmt":"2019-05-20T15:07:18","guid":{"rendered":"http:\/\/www.caririemacao.com\/1\/?p=95786"},"modified":"2019-05-20T12:07:18","modified_gmt":"2019-05-20T15:07:18","slug":"bolsonaro-visita-pernambuco-na-proxima-sexta-e-se-reunira-com-joao-azevedo-e-governadores-do-nordeste","status":"publish","type":"post","link":"https:\/\/www.caririemacao.com\/1\/2019\/05\/20\/bolsonaro-visita-pernambuco-na-proxima-sexta-e-se-reunira-com-joao-azevedo-e-governadores-do-nordeste\/","title":{"rendered":"Bolsonaro visita Pernambuco na pr\u00f3xima sexta e se reunir\u00e1 com Jo\u00e3o Azev\u00eado e governadores do Nordeste"},"content":{"rendered":"\n<p>Jair Bolsonaro confirmou sua primeira viagem oficial ao Nordeste como Presidente da Rep\u00fablica para a pr\u00f3xima sexta-feira (24). Na oportunidade, ele ir\u00e1 se encontrar com o governador da Para\u00edba, Jo\u00e3o Azev\u00eado, os governadores dos outros oito estados do Nordeste e ainda os governadores de Minas Gerais e Esp\u00edrito Santo.<\/p>\n\n\n\n<p>O roteiro ser\u00e1 todo no estado de Pernambuco e ocupar\u00e1 toda a sexta-feira. Em Petrolina, no Sert\u00e3o do Estado, Bolsonaro dever\u00e1 entregar um conjunto habitacional do programa Minha Casa Minha Vida. J\u00e1 em Recife, ele dever\u00e1 anunciar um acr\u00e9scimo de R$ 2,1 bilh\u00f5es ao Fundo Constitucional de Financiamento do Nordeste, que ser\u00e1 usado em obras de infraestrutura. O fundo passar\u00e1 a ter R$ 25,8 bilh\u00f5es no ano de 2019.<\/p>\n\n\n\n<p>No Instituto Ricardo Brennand, tamb\u00e9m em Recife, o presidente se reunir\u00e1 com 11 governadores. Segundo informou o jornal O Estado de S\u00e3o Paulo, todos os governadores do Nordeste confirmaram presen\u00e7a. Estar\u00e3o presentes na reuni\u00e3o os governadores de Alagoas, Bahia, Cear\u00e1, Maranh\u00e3o, Para\u00edba, Pernambuco, Piau\u00ed, Rio Grande do Norte, Sergipe, Minas Gerais e Esp\u00edrito Santo.<\/p>\n\n\n\n<p>Oficialmente, a viagem dever\u00e1 marcar o lan\u00e7amento do Plano Regional de Desenvolvimento do Nordeste (PRDNE), elaborado pela primeira vez, no \u00e2mbito da Superintend\u00eancia de Desenvolvimento do Nordeste (Sudene).&nbsp;<\/p>\n\n\n\n<p>Na primeira entrevista ap\u00f3s assumir o cargo, Bolsonaro disse que os governadores nordestinos n\u00e3o deveriam pedir dinheiro a ele. &#8220;N\u00e3o venham pedir nada para mim, porque n\u00e3o sou presidente. O presidente est\u00e1 l\u00e1 em Curitiba&#8221;, disse ele, em refer\u00eancia ao ex-presidente Luiz In\u00e1cio Lula da Silva, condenado e preso na Lava Jato.&nbsp;Bolsonaro, por\u00e9m, argumentou que n\u00e3o abriria uma guerra pol\u00edtica para n\u00e3o prejudicar os eleitores. &#8220;N\u00e3o posso fazer uma guerra com governador do Nordeste atrapalhando a popula\u00e7\u00e3o. O homem mais sofrido do Brasil est\u00e1 na regi\u00e3o Nordeste. Vamos mergulhar para resolver muitos problemas do Nordeste.&#8221;<\/p>\n\n\n\n<p>A viagem de Bolsonaro foi precedida de encontros com esses governadores. Em uma reuni\u00e3o recente em Bras\u00edlia, ministros palacianos apelaram por mais apoio \u00e0 reforma da Previd\u00eancia. Argumentaram que, apesar das diferen\u00e7as pol\u00edticas, n\u00e3o era mais tempo de &#8220;palanque&#8221;.<\/p>\n\n\n\n<p>Os governadores disseram entender a necessidade da reforma, mas cobraram prote\u00e7\u00e3o aos pobres do Nordeste. A regi\u00e3o registra a maior taxa de desemprego no Pa\u00eds: 15,3%, acima da m\u00e9dia nacional, de 12,7%. E vem sofrendo com o arrocho no or\u00e7amento.&nbsp;Nos tr\u00eas primeiros meses do ano, Bolsonaro enviou R$ 242 milh\u00f5es aos Estados nordestinos. Sem descontar a infla\u00e7\u00e3o no per\u00edodo, foram 3,2% a menos frente ao mesmo per\u00edodo do ano passado, ainda na gest\u00e3o de Michel Temer. Os n\u00fameros referem-se aos recursos para despesas discricion\u00e1rias, que o governo pode ou n\u00e3o fazer. N\u00e3o entram nessa conta as transfer\u00eancias obrigat\u00f3rias.<\/p>\n\n\n\n<p>Em carta aberta ap\u00f3s encontro com Bolsonaro em Bras\u00edlia, os governadores do Nordeste reclamaram dos cortes or\u00e7ament\u00e1rios nas universidades e institutos federais, que motivaram as marchas de rua da semana passada, e solicitaram a retomada de obras rodovi\u00e1rias, de seguran\u00e7a h\u00eddrica e habitacionais, como forma de combater o desemprego. &#8220;A pauta dele n\u00e3o tem nada a ver com a necessidade do Brasil. Dar arma a vereador, tem coisa mais velha que isso?&#8221;, comentou um governador, reservadamente, ao deixar o encontro.<\/p>\n","protected":false},"excerpt":{"rendered":"<p>Jair Bolsonaro confirmou sua primeira viagem oficial ao Nordeste como Presidente da Rep\u00fablica para a pr\u00f3xima sexta-feira (24). Na oportunidade, ele ir\u00e1 se encontrar com&hellip; <\/p>\n","protected":false},"author":1,"featured_media":95787,"comment_status":"closed","ping_status":"closed","sticky":false,"template":"","format":"standard","meta":{"sfsi_plus_gutenberg_text_before_share":"","sfsi_plus_gutenberg_show_text_before_share":"","sfsi_plus_gutenberg_icon_type":"","sfsi_plus_gutenberg_icon_alignemt":"","sfsi_plus_gutenburg_max_per_row":"","footnotes":""},"categories":[11],"tags":[],"class_list":["post-95786","post","type-post","status-publish","format-standard","has-post-thumbnail","hentry","category-politica"],"_links":{"self":[{"href":"https:\/\/www.caririemacao.com\/1\/wp-json\/wp\/v2\/posts\/95786","targetHints":{"allow":["GET"]}}],"collection":[{"href":"https:\/\/www.caririemacao.com\/1\/wp-json\/wp\/v2\/posts"}],"about":[{"href":"https:\/\/www.caririemacao.com\/1\/wp-json\/wp\/v2\/types\/post"}],"author":[{"embeddable":true,"href":"https:\/\/www.caririemacao.com\/1\/wp-json\/wp\/v2\/users\/1"}],"replies":[{"embeddable":true,"href":"https:\/\/www.caririemacao.com\/1\/wp-json\/wp\/v2\/comments?post=95786"}],"version-history":[{"count":1,"href":"https:\/\/www.caririemacao.com\/1\/wp-json\/wp\/v2\/posts\/95786\/revisions"}],"predecessor-version":[{"id":95788,"href":"https:\/\/www.caririemacao.com\/1\/wp-json\/wp\/v2\/posts\/95786\/revisions\/95788"}],"wp:featuredmedia":[{"embeddable":true,"href":"https:\/\/www.caririemacao.com\/1\/wp-json\/wp\/v2\/media\/95787"}],"wp:attachment":[{"href":"https:\/\/www.caririemacao.com\/1\/wp-json\/wp\/v2\/media?parent=95786"}],"wp:term":[{"taxonomy":"category","embeddable":true,"href":"https:\/\/www.caririemacao.com\/1\/wp-json\/wp\/v2\/categories?post=95786"},{"taxonomy":"post_tag","embeddable":true,"href":"https:\/\/www.caririemacao.com\/1\/wp-json\/wp\/v2\/tags?post=95786"}],"curies":[{"name":"wp","href":"https:\/\/api.w.org\/{rel}","templated":true}]}}