{"id":95789,"date":"2019-05-20T12:11:26","date_gmt":"2019-05-20T15:11:26","guid":{"rendered":"http:\/\/www.caririemacao.com\/1\/?p=95789"},"modified":"2019-05-20T12:11:26","modified_gmt":"2019-05-20T15:11:26","slug":"campeonato-municipal-de-futebol-tem-inicio-na-cidade-de-caraubas","status":"publish","type":"post","link":"https:\/\/www.caririemacao.com\/1\/2019\/05\/20\/campeonato-municipal-de-futebol-tem-inicio-na-cidade-de-caraubas\/","title":{"rendered":"Campeonato Municipal de Futebol tem in\u00edcio na cidade de Cara\u00fabas"},"content":{"rendered":"\n<div class=\"wp-block-image\"><figure class=\"aligncenter\"><img decoding=\"async\" data-src=\"http:\/\/caririesporte.com\/wp-content\/uploads\/2019\/05\/60731343_2064199470355832_5494740365455917056_o.jpg\" alt=\"\" class=\"wp-image-299 lazyload\" src=\"data:image\/svg+xml;base64,PHN2ZyB3aWR0aD0iMSIgaGVpZ2h0PSIxIiB4bWxucz0iaHR0cDovL3d3dy53My5vcmcvMjAwMC9zdmciPjwvc3ZnPg==\" \/><\/figure><\/div>\n\n\n\n<p>Teve inicio na tarde deste domingo, dia 19\/05, o campeonato municipal de futebol amador do munic\u00edpio de Cara\u00fabas. A solenidade de abertura contou com a presen\u00e7a do prefeito Silvano Dudu, do vice-prefeito Z\u00e9 de Laura, do secret\u00e1rio adjunto do Turismo e coordenador do Departamento de Esportes, Jos\u00e9 Valdomiro Filho(Valzinho), secret\u00e1rios municipais Rone Feitoza da Agricultura, Jos\u00e9 Marcelo da Infraestrutura e Obras P\u00fablicas, Silvio Fernandes, das Finan\u00e7as, Silvana Myllena, do Turismo, os vereadores Neide de Assis, Jos\u00e9 Franconero, Fabio Pereira, al\u00e9m de um grande p\u00fablico que foi prestigiar a abertura oficial.<\/p>\n\n\n\n<p>Treze equipes estar\u00e3o na disputa do campeonato de Cara\u00fabas que ter\u00e1 todas as partidas realizadas no Est\u00e1dio Municipal Jos\u00e9 Valderi Neves. O destaque na solenidade de abertura ficou por conta da apresenta\u00e7\u00e3o das garotas que representar\u00e3o seus clubes na disputa da escolha da MUSA DO CAMPEONATO, bem como, pela arbitragem da liga profissional que esta sendo patrocinado pela Prefeitura.<\/p>\n\n\n\n<div class=\"wp-block-image\"><figure class=\"alignright\"><img decoding=\"async\" data-src=\"http:\/\/caririesporte.com\/wp-content\/uploads\/2019\/05\/60823287_2064199260355853_2998528643153526784_o-300x225.jpg\" alt=\"\" class=\"wp-image-301 lazyload\" src=\"data:image\/svg+xml;base64,PHN2ZyB3aWR0aD0iMSIgaGVpZ2h0PSIxIiB4bWxucz0iaHR0cDovL3d3dy53My5vcmcvMjAwMC9zdmciPjwvc3ZnPg==\" style=\"--smush-placeholder-width: 300px; --smush-placeholder-aspect-ratio: 300\/225;\" \/><\/figure><\/div>\n\n\n\n<p>Valzinho afirmou que esta sendo um grande desafio a realiza\u00e7\u00e3o deste campeonato, mas que conta com o apoio incondicional da gest\u00e3o e do prefeito Silvano Dudu que tem apoiado todas as a\u00e7\u00f5es apresentadas; Sabemos que n\u00e3o ser\u00e1 f\u00e1cil, pois, o \u00faltimo campeonato foi realizado h\u00e1 quase dez anos. Mas quero agradecer aos 13(treze) clubes que acreditaram no nosso trabalho e que hoje tornam poss\u00edvel a materializa\u00e7\u00e3o de um sonho, afirmou ele.<\/p>\n\n\n\n<p>A primeira rodada do campeonato contou com 02(duas) partidas de futebol envolvendo os seguintes confrontos: VETERANOS X CURIMAT\u00c3ES e CAMPOS X PONTA DE SERRA. Na primeira partida os Veteranos n\u00e3o tomaram conhecimento do time das Curimat\u00e3es e venceram por 2 X 0, gols de Rivaldo e Moises. J\u00e1 no segundo confronto em um jogo mais equilibrado a equipe de Campos venceu por 2 X 1 a equipe de ponta de Serra, com gols de Lito e Tom, descontado por L\u00e9o para Ponta Serra.<\/p>\n\n\n\n<p>O prefeito Silvano Dudu esteve presente durante todo instante e disse ser um entusiasta da pratica desportiva, mantendo uma tradi\u00e7\u00e3o que tinha deixado pra tr\u00e1s por gest\u00f5es que se sucederam e n\u00e3o valorizavam o esporte amador. Fico feliz por poder proporcionar a esses atletas a oportunidade de estarem em disputa nos finais de semana em partidas que ir\u00e3o movimentar a cidade, o com\u00e9rcio, enfim, todos saem ganhando com a realiza\u00e7\u00e3o desse campeonato que acaba sendo uma das formas de inser\u00e7\u00e3o social de dezenas de fam\u00edlias, concluiu ele.<\/p>\n\n\n\n<figure class=\"wp-block-image\"><img decoding=\"async\" data-src=\"http:\/\/caririesporte.com\/wp-content\/uploads\/2019\/05\/60507414_2064199513689161_1990474006028877824_o.jpg\" alt=\"\" class=\"wp-image-300 lazyload\" src=\"data:image\/svg+xml;base64,PHN2ZyB3aWR0aD0iMSIgaGVpZ2h0PSIxIiB4bWxucz0iaHR0cDovL3d3dy53My5vcmcvMjAwMC9zdmciPjwvc3ZnPg==\" \/><\/figure>\n\n\n\n<p>Quanto a escolha da MUSA DO CAMPEONATO ser\u00e1 disponibilizado um link na p\u00e1gina oficial da Prefeitura para que os torcedores e a popula\u00e7\u00e3o participem da escolha. Ainda esta semana todos os detalhes de como participar da vota\u00e7\u00e3o.<\/p>\n","protected":false},"excerpt":{"rendered":"<p>Teve inicio na tarde deste domingo, dia 19\/05, o campeonato municipal de futebol amador do munic\u00edpio de Cara\u00fabas. A solenidade de abertura contou com a&hellip; <\/p>\n","protected":false},"author":1,"featured_media":95791,"comment_status":"closed","ping_status":"closed","sticky":false,"template":"","format":"standard","meta":{"sfsi_plus_gutenberg_text_before_share":"","sfsi_plus_gutenberg_show_text_before_share":"","sfsi_plus_gutenberg_icon_type":"","sfsi_plus_gutenberg_icon_alignemt":"","sfsi_plus_gutenburg_max_per_row":"","footnotes":""},"categories":[13],"tags":[],"class_list":["post-95789","post","type-post","status-publish","format-standard","has-post-thumbnail","hentry","category-esportes"],"_links":{"self":[{"href":"https:\/\/www.caririemacao.com\/1\/wp-json\/wp\/v2\/posts\/95789","targetHints":{"allow":["GET"]}}],"collection":[{"href":"https:\/\/www.caririemacao.com\/1\/wp-json\/wp\/v2\/posts"}],"about":[{"href":"https:\/\/www.caririemacao.com\/1\/wp-json\/wp\/v2\/types\/post"}],"author":[{"embeddable":true,"href":"https:\/\/www.caririemacao.com\/1\/wp-json\/wp\/v2\/users\/1"}],"replies":[{"embeddable":true,"href":"https:\/\/www.caririemacao.com\/1\/wp-json\/wp\/v2\/comments?post=95789"}],"version-history":[{"count":1,"href":"https:\/\/www.caririemacao.com\/1\/wp-json\/wp\/v2\/posts\/95789\/revisions"}],"predecessor-version":[{"id":95792,"href":"https:\/\/www.caririemacao.com\/1\/wp-json\/wp\/v2\/posts\/95789\/revisions\/95792"}],"wp:featuredmedia":[{"embeddable":true,"href":"https:\/\/www.caririemacao.com\/1\/wp-json\/wp\/v2\/media\/95791"}],"wp:attachment":[{"href":"https:\/\/www.caririemacao.com\/1\/wp-json\/wp\/v2\/media?parent=95789"}],"wp:term":[{"taxonomy":"category","embeddable":true,"href":"https:\/\/www.caririemacao.com\/1\/wp-json\/wp\/v2\/categories?post=95789"},{"taxonomy":"post_tag","embeddable":true,"href":"https:\/\/www.caririemacao.com\/1\/wp-json\/wp\/v2\/tags?post=95789"}],"curies":[{"name":"wp","href":"https:\/\/api.w.org\/{rel}","templated":true}]}}