{"id":95793,"date":"2019-05-20T12:17:59","date_gmt":"2019-05-20T15:17:59","guid":{"rendered":"http:\/\/www.caririemacao.com\/1\/?p=95793"},"modified":"2019-05-20T12:17:59","modified_gmt":"2019-05-20T15:17:59","slug":"inscricoes-para-o-encceja-comecam-hoje-pela-internet","status":"publish","type":"post","link":"https:\/\/www.caririemacao.com\/1\/2019\/05\/20\/inscricoes-para-o-encceja-comecam-hoje-pela-internet\/","title":{"rendered":"Inscri\u00e7\u00f5es para o Encceja come\u00e7am hoje pela internet"},"content":{"rendered":"\n<p>As&nbsp;<a href=\"http:\/\/enccejanacional.inep.gov.br\/encceja\/#!\/inicial\" target=\"_blank\" rel=\"noreferrer noopener\">inscri\u00e7\u00f5es<\/a>&nbsp;para o Exame Nacional para Certifica\u00e7\u00e3o de Compet\u00eancias de Jovens e Adultos (Encceja) 2019 come\u00e7am hoje (20) pela internet e seguem at\u00e9 o dia 31 de maio. A inscri\u00e7\u00e3o \u00e9 gratuita. Jovens e adultos que n\u00e3o terminaram os estudos na idade adequada podem fazer o exame para obter a certifica\u00e7\u00e3o de conclus\u00e3o no ensino fundamental ou m\u00e9dio.<\/p>\n\n\n\n<p>Os interessados no certificado do ensino fundamental precisam ter, pelo menos, 15 anos completos na data da prova. Para o certificado do ensino m\u00e9dio, a idade m\u00ednima exigida \u00e9 de 18 anos.<\/p>\n\n\n\n<p>As provas ser\u00e3o aplicadas no dia 25 de agosto em 611 munic\u00edpios. Ser\u00e3o quatro provas objetivas, cada uma com 30 quest\u00f5es de m\u00faltipla escolha, e uma reda\u00e7\u00e3o. A nota m\u00ednima exigida para obten\u00e7\u00e3o da profici\u00eancia \u00e9 de 100 pontos nas provas objetivas e de cinco pontos na reda\u00e7\u00e3o.<\/p>\n\n\n\n<p>Os resultados podem ser usados de duas formas. Quem conseguir a nota m\u00ednima exigida em todas as provas tem direito \u00e0 certifica\u00e7\u00e3o de conclus\u00e3o do ensino fundamental ou do ensino m\u00e9dio. Aqueles que alcan\u00e7arem a nota m\u00ednima em uma das quatro provas, ou em mais de uma, mas n\u00e3o em todas, ter\u00e3o direito \u00e0 declara\u00e7\u00e3o parcial de profici\u00eancia.<\/p>\n\n\n\n<p>O Instituto Nacional de Estudos e Pesquisas Educacionais An\u00edsio Teixeira (Inep) disponibiliza na p\u00e1gina do Sistema Encceja apostilas com&nbsp;<a href=\"http:\/\/portal.inep.gov.br\/web\/guest\/educacao-basica\/encceja\/materiais-para-estudo\" target=\"_blank\" rel=\"noreferrer noopener\">material de estudo<\/a>para os participantes de n\u00edvel fundamental e m\u00e9dio.<\/p>\n\n\n\n<h2 class=\"wp-block-heading\">Edital em Libras<\/h2>\n\n\n\n<p>Uma novidade desta edi\u00e7\u00e3o ser\u00e1 uma vers\u00e3o do edital em Libras. Outra mudan\u00e7a \u00e9 que o participante que j\u00e1 teve laudo m\u00e9dico aprovado em outras edi\u00e7\u00f5es n\u00e3o precisa apresentar novo laudo durante a inscri\u00e7\u00e3o. Participantes surdos, deficientes auditivos e surdocegos devem indicar, durante a inscri\u00e7\u00e3o, se usam aparelho auditivo ou implante coclear.<\/p>\n\n\n\n<p>Dessa vez, ser\u00e1 preciso justificar o motivo de aus\u00eancia na edi\u00e7\u00e3o anterior, de 2018.<\/p>\n","protected":false},"excerpt":{"rendered":"<p>As&nbsp;inscri\u00e7\u00f5es&nbsp;para o Exame Nacional para Certifica\u00e7\u00e3o de Compet\u00eancias de Jovens e Adultos (Encceja) 2019 come\u00e7am hoje (20) pela internet e seguem at\u00e9 o dia 31&hellip; <\/p>\n","protected":false},"author":1,"featured_media":95794,"comment_status":"closed","ping_status":"closed","sticky":false,"template":"","format":"standard","meta":{"sfsi_plus_gutenberg_text_before_share":"","sfsi_plus_gutenberg_show_text_before_share":"","sfsi_plus_gutenberg_icon_type":"","sfsi_plus_gutenberg_icon_alignemt":"","sfsi_plus_gutenburg_max_per_row":"","footnotes":""},"categories":[2],"tags":[],"class_list":["post-95793","post","type-post","status-publish","format-standard","has-post-thumbnail","hentry","category-geral"],"_links":{"self":[{"href":"https:\/\/www.caririemacao.com\/1\/wp-json\/wp\/v2\/posts\/95793","targetHints":{"allow":["GET"]}}],"collection":[{"href":"https:\/\/www.caririemacao.com\/1\/wp-json\/wp\/v2\/posts"}],"about":[{"href":"https:\/\/www.caririemacao.com\/1\/wp-json\/wp\/v2\/types\/post"}],"author":[{"embeddable":true,"href":"https:\/\/www.caririemacao.com\/1\/wp-json\/wp\/v2\/users\/1"}],"replies":[{"embeddable":true,"href":"https:\/\/www.caririemacao.com\/1\/wp-json\/wp\/v2\/comments?post=95793"}],"version-history":[{"count":1,"href":"https:\/\/www.caririemacao.com\/1\/wp-json\/wp\/v2\/posts\/95793\/revisions"}],"predecessor-version":[{"id":95795,"href":"https:\/\/www.caririemacao.com\/1\/wp-json\/wp\/v2\/posts\/95793\/revisions\/95795"}],"wp:featuredmedia":[{"embeddable":true,"href":"https:\/\/www.caririemacao.com\/1\/wp-json\/wp\/v2\/media\/95794"}],"wp:attachment":[{"href":"https:\/\/www.caririemacao.com\/1\/wp-json\/wp\/v2\/media?parent=95793"}],"wp:term":[{"taxonomy":"category","embeddable":true,"href":"https:\/\/www.caririemacao.com\/1\/wp-json\/wp\/v2\/categories?post=95793"},{"taxonomy":"post_tag","embeddable":true,"href":"https:\/\/www.caririemacao.com\/1\/wp-json\/wp\/v2\/tags?post=95793"}],"curies":[{"name":"wp","href":"https:\/\/api.w.org\/{rel}","templated":true}]}}