{"id":95796,"date":"2019-05-20T12:20:57","date_gmt":"2019-05-20T15:20:57","guid":{"rendered":"http:\/\/www.caririemacao.com\/1\/?p=95796"},"modified":"2019-05-20T12:20:57","modified_gmt":"2019-05-20T15:20:57","slug":"prefeito-jefferson-participa-de-reuniao-sobre-a-comercializacao-de-leite-bovino","status":"publish","type":"post","link":"https:\/\/www.caririemacao.com\/1\/2019\/05\/20\/prefeito-jefferson-participa-de-reuniao-sobre-a-comercializacao-de-leite-bovino\/","title":{"rendered":"Prefeito Jefferson participa de reuni\u00e3o sobre a comercializa\u00e7\u00e3o de leite bovino"},"content":{"rendered":"\n<p>O prefeito de S\u00e3o Jos\u00e9 dos Cordeiros esteve reunido na manh\u00e3\ndesta segunda-feira, dia 20, representantes da empresa leite Bet\u00e2nia, EMPAER,\nsecret\u00e1rios de agricultura dos munic\u00edpios de Serra Branca, S\u00e3o Jos\u00e9 dos\nCordeiros e Gurj\u00e3o e produtores destes munic\u00edpios. <\/p>\n\n\n\n<p>De acordo com o prefeito Jefferson, o objetivo \u00e9 fortalecer\na comercializa\u00e7\u00e3o do leite bovino aonde j\u00e1 existe a parceria e abrir novas\nrotas e assim fortalecer a cadeia produtiva da bovinocultura leiteira e\nmelhorar a gera\u00e7\u00e3o de emprego e renda na nossa regi\u00e3o.<\/p>\n\n\n\n<p>A reuni\u00e3o foi realizada em S\u00e3o Jos\u00e9 dos Cordeiros.<\/p>\n","protected":false},"excerpt":{"rendered":"<p>O prefeito de S\u00e3o Jos\u00e9 dos Cordeiros esteve reunido na manh\u00e3 desta segunda-feira, dia 20, representantes da empresa leite Bet\u00e2nia, EMPAER, secret\u00e1rios de agricultura dos&hellip; <\/p>\n","protected":false},"author":2,"featured_media":95799,"comment_status":"closed","ping_status":"closed","sticky":false,"template":"","format":"standard","meta":{"sfsi_plus_gutenberg_text_before_share":"","sfsi_plus_gutenberg_show_text_before_share":"","sfsi_plus_gutenberg_icon_type":"","sfsi_plus_gutenberg_icon_alignemt":"","sfsi_plus_gutenburg_max_per_row":"","footnotes":""},"categories":[50],"tags":[],"class_list":["post-95796","post","type-post","status-publish","format-standard","has-post-thumbnail","hentry","category-destaque"],"_links":{"self":[{"href":"https:\/\/www.caririemacao.com\/1\/wp-json\/wp\/v2\/posts\/95796","targetHints":{"allow":["GET"]}}],"collection":[{"href":"https:\/\/www.caririemacao.com\/1\/wp-json\/wp\/v2\/posts"}],"about":[{"href":"https:\/\/www.caririemacao.com\/1\/wp-json\/wp\/v2\/types\/post"}],"author":[{"embeddable":true,"href":"https:\/\/www.caririemacao.com\/1\/wp-json\/wp\/v2\/users\/2"}],"replies":[{"embeddable":true,"href":"https:\/\/www.caririemacao.com\/1\/wp-json\/wp\/v2\/comments?post=95796"}],"version-history":[{"count":1,"href":"https:\/\/www.caririemacao.com\/1\/wp-json\/wp\/v2\/posts\/95796\/revisions"}],"predecessor-version":[{"id":95801,"href":"https:\/\/www.caririemacao.com\/1\/wp-json\/wp\/v2\/posts\/95796\/revisions\/95801"}],"wp:featuredmedia":[{"embeddable":true,"href":"https:\/\/www.caririemacao.com\/1\/wp-json\/wp\/v2\/media\/95799"}],"wp:attachment":[{"href":"https:\/\/www.caririemacao.com\/1\/wp-json\/wp\/v2\/media?parent=95796"}],"wp:term":[{"taxonomy":"category","embeddable":true,"href":"https:\/\/www.caririemacao.com\/1\/wp-json\/wp\/v2\/categories?post=95796"},{"taxonomy":"post_tag","embeddable":true,"href":"https:\/\/www.caririemacao.com\/1\/wp-json\/wp\/v2\/tags?post=95796"}],"curies":[{"name":"wp","href":"https:\/\/api.w.org\/{rel}","templated":true}]}}