{"id":95800,"date":"2019-05-20T12:21:46","date_gmt":"2019-05-20T15:21:46","guid":{"rendered":"http:\/\/www.caririemacao.com\/1\/?p=95800"},"modified":"2019-05-20T12:21:46","modified_gmt":"2019-05-20T15:21:46","slug":"fmi-reforma-da-previdencia-fortalecera-previsibilidade-da-economia","status":"publish","type":"post","link":"https:\/\/www.caririemacao.com\/1\/2019\/05\/20\/fmi-reforma-da-previdencia-fortalecera-previsibilidade-da-economia\/","title":{"rendered":"FMI: Reforma da Previd\u00eancia fortalecer\u00e1 previsibilidade da economia"},"content":{"rendered":"\n<p>\u201cTemos expectativa que a aprova\u00e7\u00e3o da Reforma da Previd\u00eancia fortalecer\u00e1 a previsibilidade e a certeza sobre o futuro da economia brasileira\u201d disse a diretora-gerente do Fundo Monet\u00e1rio Internacional (FMI), Christine Lagarde, ap\u00f3s o encerramento do F\u00f3rum Econ\u00f4mico de Astana. Segundo ela, a Reforma da Previd\u00eancia vai desencadear um movimento de solidez e das finan\u00e7as do Brasil.<\/p>\n\n\n\n<p>O F\u00f3rum Econ\u00f4mico de Astana, ocorrido na cidade de Nur Surtan, capital do Cazaquist\u00e3o, nos dias 16 e 17 de maio, reuniu 5.500 delegados de 74 pa\u00edses. Eles sugeriram que os pa\u00edses da \u00c1sia Central podem dar prosseguimento \u00e0s diretrizes do F\u00f3rum de Davos (Su\u00ed\u00e7a), em favor do crescimento da economia mundial. O f\u00f3rum anual \u00e9 considerado um evento econ\u00f4mico chave na Europa e na \u00c1sia. O tema do f\u00f3rum deste ano foi &#8220;Inspirando o crescimento: pessoas, cidades, economias&#8221;.<\/p>\n\n\n\n<p>O F\u00f3rum Econ\u00f4mico de Astana tamb\u00e9m &nbsp;enfatizou a necessidade de que todas as na\u00e7\u00f5es do mundo, especialmente as da \u00c1sia, busquem cumprir as sugest\u00f5es formuladas pela Agenda 2030 das Na\u00e7\u00f5es Unidas para o Desenvolvimento Sustent\u00e1vel.<\/p>\n\n\n\n<p>&#8220;O mais importante \u00e9 que precisamos de um crescimento inclusivo e sustent\u00e1vel que melhore as perspectivas das mulheres, jovens, pobres e aqueles que vivem nas \u00e1reas rurais e que aumentem as expectativas das gera\u00e7\u00f5es futuras&#8221;, disse Christine Lagarde, dirigindo-se aos participantes do f\u00f3rum.<\/p>\n\n\n\n<p>\u201cSe a \u00c1sia Central pode aproveitar o poder da tecnologia financeira, como fizeram as economias emergentes em outras regi\u00f5es, os ganhos potenciais para os pobres, mulheres e jovens ser\u00e3o significativos\u201d, acrescentou a diretora-gerente do FMI.<\/p>\n\n\n\n<h2 class=\"wp-block-heading\">Desevolvimento Sustent\u00e1vel&nbsp;<\/h2>\n\n\n\n<p>Cazaquist\u00e3o e sua capital Nur Sultan, enquanto cooperam com outras na\u00e7\u00f5es e cidades, tamb\u00e9m precisam estabelecer sua pr\u00f3pria abordagem para o desenvolvimento, disse Alexander Petrov, ministro assistente da Comiss\u00e3o Econ\u00f4mica da Eur\u00e1sia e gerente de projetos de Transforma\u00e7\u00e3o Digital para a regi\u00e3o da \u00c1sia Central.<\/p>\n\n\n\n<p>\u201cA principal tarefa da lideran\u00e7a do Cazaquist\u00e3o e da cidade de Nur Sultan \u00e9 criar seu pr\u00f3prio ecossistema. N\u00e3o podemos copiar a experi\u00eancia de algu\u00e9m. Precisamos &nbsp;desenvolver o nosso pr\u00f3prio programa. Para isso, \u00e9 muito importante manter as pessoas capazes de incorporar as tarefas tecnol\u00f3gicas mais ousadas. \u00c9 importante que eles n\u00e3o partam para Cingapura ou para os Estados Unidos, mas fiquem em seus respectivos lugares para desenvolver seu pr\u00f3prio ecossistema &#8220;, disse Petrov.<\/p>\n\n\n\n<p>Delegados de v\u00e1rios pa\u00edses tamb\u00e9m observaram que o F\u00f3rum Econ\u00f4mico de Astana, o F\u00f3rum de Davos e outros f\u00f3runs similares oferecem uma boa oportunidade para facilitar a coopera\u00e7\u00e3o internacional no combate aos desafios globais.<\/p>\n\n\n\n<p>\u201cAt\u00e9 2030, 5,1 bilh\u00f5es de pessoas, ou 60% da popula\u00e7\u00e3o global, estar\u00e3o morando nas cidades. Press\u00f5es ambientais ser\u00e3o sem precedentes. Hoje, apenas 10% dos residentes urbanos t\u00eam condi\u00e7\u00f5es adequadas, de acordo com as recomenda\u00e7\u00f5es da Organiza\u00e7\u00e3o Mundial da Sa\u00fade \u201d, disse o Presidente do Conselho de Administra\u00e7\u00e3o do Boston Consulting Group, Hans-Paul B\u00fcrkner, que participou do F\u00f3rum Econ\u00f4mico de Astana.<\/p>\n","protected":false},"excerpt":{"rendered":"<p>\u201cTemos expectativa que a aprova\u00e7\u00e3o da Reforma da Previd\u00eancia fortalecer\u00e1 a previsibilidade e a certeza sobre o futuro da economia brasileira\u201d disse a diretora-gerente do&hellip; <\/p>\n","protected":false},"author":1,"featured_media":5646,"comment_status":"closed","ping_status":"closed","sticky":false,"template":"","format":"standard","meta":{"sfsi_plus_gutenberg_text_before_share":"","sfsi_plus_gutenberg_show_text_before_share":"","sfsi_plus_gutenberg_icon_type":"","sfsi_plus_gutenberg_icon_alignemt":"","sfsi_plus_gutenburg_max_per_row":"","footnotes":""},"categories":[11],"tags":[],"class_list":["post-95800","post","type-post","status-publish","format-standard","has-post-thumbnail","hentry","category-politica"],"_links":{"self":[{"href":"https:\/\/www.caririemacao.com\/1\/wp-json\/wp\/v2\/posts\/95800","targetHints":{"allow":["GET"]}}],"collection":[{"href":"https:\/\/www.caririemacao.com\/1\/wp-json\/wp\/v2\/posts"}],"about":[{"href":"https:\/\/www.caririemacao.com\/1\/wp-json\/wp\/v2\/types\/post"}],"author":[{"embeddable":true,"href":"https:\/\/www.caririemacao.com\/1\/wp-json\/wp\/v2\/users\/1"}],"replies":[{"embeddable":true,"href":"https:\/\/www.caririemacao.com\/1\/wp-json\/wp\/v2\/comments?post=95800"}],"version-history":[{"count":1,"href":"https:\/\/www.caririemacao.com\/1\/wp-json\/wp\/v2\/posts\/95800\/revisions"}],"predecessor-version":[{"id":95802,"href":"https:\/\/www.caririemacao.com\/1\/wp-json\/wp\/v2\/posts\/95800\/revisions\/95802"}],"wp:featuredmedia":[{"embeddable":true,"href":"https:\/\/www.caririemacao.com\/1\/wp-json\/wp\/v2\/media\/5646"}],"wp:attachment":[{"href":"https:\/\/www.caririemacao.com\/1\/wp-json\/wp\/v2\/media?parent=95800"}],"wp:term":[{"taxonomy":"category","embeddable":true,"href":"https:\/\/www.caririemacao.com\/1\/wp-json\/wp\/v2\/categories?post=95800"},{"taxonomy":"post_tag","embeddable":true,"href":"https:\/\/www.caririemacao.com\/1\/wp-json\/wp\/v2\/tags?post=95800"}],"curies":[{"name":"wp","href":"https:\/\/api.w.org\/{rel}","templated":true}]}}