{"id":95921,"date":"2019-05-21T13:39:31","date_gmt":"2019-05-21T16:39:31","guid":{"rendered":"http:\/\/www.caririemacao.com\/1\/?p=95921"},"modified":"2019-05-21T18:07:12","modified_gmt":"2019-05-21T21:07:12","slug":"vote-cantor-caririzeiro-concorre-ao-vem-cantar-forro-da-tv-asa-branca-filiada-a-globo","status":"publish","type":"post","link":"https:\/\/www.caririemacao.com\/1\/2019\/05\/21\/vote-cantor-caririzeiro-concorre-ao-vem-cantar-forro-da-tv-asa-branca-filiada-a-globo\/","title":{"rendered":"VOTE: Cantor caririzeiro concorre ao &#8220;Vem Cantar Forr\u00f3&#8221; da TV Asa Branca, afiliada a Globo"},"content":{"rendered":"\n<p>O cantor Bedeu Quirino, com suas ra\u00edzes na cidade de Congo,\nno Cariri Paraibano est\u00e1 participando do Programa &#8220;Vem Cantar Forr\u00f3\n2019&#8221;, um projeto da&nbsp;TV Asa Branca, sediada em Caruaru, que est\u00e1 na\nsegunda edi\u00e7\u00e3o.<\/p>\n\n\n\n<p>Depois de v\u00e1rias eliminat\u00f3rias a TV Asa Branca divulgou neste domingo (19) os quatro finalistas do Vem Cantar Forr\u00f3 2019, o projeto musical da TV Asa Branca. <\/p>\n\n\n\n<p>Os finalistas s\u00e3o: Bedeu Quirino (Santa Cruz do Capibaribe),\nHosana Rita (Altinho), Thayse Dias (Caruaru) e Forr\u00f3 Fole de Ouro (Caruaru).<\/p>\n\n\n\n<p><a href=\"https:\/\/g1.globo.com\/pe\/caruaru-regiao\/vem-cantar-forro\/votacao\/quem-e-o-seu-favorito-para-ganhar-o-vem-cantar-forro-9d7c2186-0309-41a1-af83-4ff7185296c5.ghtml\">Vote\nno seu preferido para ganhar a competi\u00e7\u00e3o<\/a><\/p>\n\n\n\n<p>Neste momento acontece uma vota\u00e7\u00e3o online na p\u00e1gina do\nprojeto no&nbsp;G1, na qual o internauta ir\u00e1 decidir quem deve ir para a grande\nfinal com um ponto de vantagem.<\/p>\n\n\n\n<p>O grande vencedor ser\u00e1 conhecido no dia 30 de maio, dia da\n\u00faltima audi\u00e7\u00e3o desta segunda edi\u00e7\u00e3o do projeto, \u00e0s 16h30, no Polo Caruaru.<\/p>\n","protected":false},"excerpt":{"rendered":"<p>O cantor Bedeu Quirino, com suas ra\u00edzes na cidade de Congo, no Cariri Paraibano est\u00e1 participando do Programa &#8220;Vem Cantar Forr\u00f3 2019&#8221;, um projeto da&nbsp;TV&hellip; <\/p>\n","protected":false},"author":2,"featured_media":95925,"comment_status":"closed","ping_status":"closed","sticky":false,"template":"","format":"standard","meta":{"sfsi_plus_gutenberg_text_before_share":"","sfsi_plus_gutenberg_show_text_before_share":"","sfsi_plus_gutenberg_icon_type":"","sfsi_plus_gutenberg_icon_alignemt":"","sfsi_plus_gutenburg_max_per_row":"","footnotes":""},"categories":[50,2],"tags":[],"class_list":["post-95921","post","type-post","status-publish","format-standard","has-post-thumbnail","hentry","category-destaque","category-geral"],"_links":{"self":[{"href":"https:\/\/www.caririemacao.com\/1\/wp-json\/wp\/v2\/posts\/95921","targetHints":{"allow":["GET"]}}],"collection":[{"href":"https:\/\/www.caririemacao.com\/1\/wp-json\/wp\/v2\/posts"}],"about":[{"href":"https:\/\/www.caririemacao.com\/1\/wp-json\/wp\/v2\/types\/post"}],"author":[{"embeddable":true,"href":"https:\/\/www.caririemacao.com\/1\/wp-json\/wp\/v2\/users\/2"}],"replies":[{"embeddable":true,"href":"https:\/\/www.caririemacao.com\/1\/wp-json\/wp\/v2\/comments?post=95921"}],"version-history":[{"count":2,"href":"https:\/\/www.caririemacao.com\/1\/wp-json\/wp\/v2\/posts\/95921\/revisions"}],"predecessor-version":[{"id":95973,"href":"https:\/\/www.caririemacao.com\/1\/wp-json\/wp\/v2\/posts\/95921\/revisions\/95973"}],"wp:featuredmedia":[{"embeddable":true,"href":"https:\/\/www.caririemacao.com\/1\/wp-json\/wp\/v2\/media\/95925"}],"wp:attachment":[{"href":"https:\/\/www.caririemacao.com\/1\/wp-json\/wp\/v2\/media?parent=95921"}],"wp:term":[{"taxonomy":"category","embeddable":true,"href":"https:\/\/www.caririemacao.com\/1\/wp-json\/wp\/v2\/categories?post=95921"},{"taxonomy":"post_tag","embeddable":true,"href":"https:\/\/www.caririemacao.com\/1\/wp-json\/wp\/v2\/tags?post=95921"}],"curies":[{"name":"wp","href":"https:\/\/api.w.org\/{rel}","templated":true}]}}