{"id":95934,"date":"2019-05-21T13:53:18","date_gmt":"2019-05-21T16:53:18","guid":{"rendered":"http:\/\/www.caririemacao.com\/1\/?p=95934"},"modified":"2019-05-21T13:53:18","modified_gmt":"2019-05-21T16:53:18","slug":"uniao-europeia-aprova-proibicao-de-produtos-de-plastico-ate-2021","status":"publish","type":"post","link":"https:\/\/www.caririemacao.com\/1\/2019\/05\/21\/uniao-europeia-aprova-proibicao-de-produtos-de-plastico-ate-2021\/","title":{"rendered":"Uni\u00e3o Europeia aprova proibi\u00e7\u00e3o de produtos de pl\u00e1stico at\u00e9 2021"},"content":{"rendered":"\n<p>Uni\u00e3o Europeia (UE) aprovou hoje (21) formalmente a proibi\u00e7\u00e3o, at\u00e9 2021, do uso de determinados produtos de pl\u00e1stico de utiliza\u00e7\u00e3o \u00fanica, como varas de bal\u00f5es e cotonetes.<\/p>\n\n\n\n<p>De acordo com as novas regras aprovadas pelo Conselho da UE, entre os produtos est\u00e3o tamb\u00e9m pratos e talheres.&nbsp;<\/p>\n\n\n\n<p>A lei europeia relativa aos pl\u00e1sticos de utiliza\u00e7\u00e3o \u00fanica \u00e9 baseada na legisla\u00e7\u00e3o da UE sobre res\u00edduos atualmente em vigor. De acordo com comunicado do conselho, a legisla\u00e7\u00e3o vai mais al\u00e9m, ao estabelecer normas mais rigorosas para os tipos de produtos e embalagens que se encontram entre os dez principais elementos poluentes encontrados nas praias europeias.<\/p>\n\n\n\n<p>As novas regras pro\u00edbem a utiliza\u00e7\u00e3o de certos produtos descart\u00e1veis de pl\u00e1stico, para os quais existem alternativas, e introduzem medidas espec\u00edficas para reduzir a utiliza\u00e7\u00e3o dos produtos descartados mais frequentemente.<\/p>\n\n\n\n<p>Os produtos de utiliza\u00e7\u00e3o \u00fanica s\u00e3o feitos total ou parcialmente de mat\u00e9ria pl\u00e1stica e destinam-se, em geral, a serem utilizados uma \u00fanica vez ou durante um curto per\u00edodo de tempo antes de serem inutilizados. Os Estados-membros da UE firmaram acertaram alcan\u00e7ar, at\u00e9 2029, o objetivo de recolhimento de 90% de garrafas de pl\u00e1stico, e estas ter\u00e3o de conter, pelo menos, 25% de material reciclado at\u00e9 2025 e 30% at\u00e9 2030.<\/p>\n\n\n\n<p>A decis\u00e3o de hoje do Conselho da UE \u00e9 a \u00faltima etapa do processo.<\/p>\n","protected":false},"excerpt":{"rendered":"<p>Uni\u00e3o Europeia (UE) aprovou hoje (21) formalmente a proibi\u00e7\u00e3o, at\u00e9 2021, do uso de determinados produtos de pl\u00e1stico de utiliza\u00e7\u00e3o \u00fanica, como varas de bal\u00f5es&hellip; <\/p>\n","protected":false},"author":1,"featured_media":95935,"comment_status":"closed","ping_status":"closed","sticky":false,"template":"","format":"standard","meta":{"sfsi_plus_gutenberg_text_before_share":"","sfsi_plus_gutenberg_show_text_before_share":"","sfsi_plus_gutenberg_icon_type":"","sfsi_plus_gutenberg_icon_alignemt":"","sfsi_plus_gutenburg_max_per_row":"","footnotes":""},"categories":[2],"tags":[],"class_list":["post-95934","post","type-post","status-publish","format-standard","has-post-thumbnail","hentry","category-geral"],"_links":{"self":[{"href":"https:\/\/www.caririemacao.com\/1\/wp-json\/wp\/v2\/posts\/95934","targetHints":{"allow":["GET"]}}],"collection":[{"href":"https:\/\/www.caririemacao.com\/1\/wp-json\/wp\/v2\/posts"}],"about":[{"href":"https:\/\/www.caririemacao.com\/1\/wp-json\/wp\/v2\/types\/post"}],"author":[{"embeddable":true,"href":"https:\/\/www.caririemacao.com\/1\/wp-json\/wp\/v2\/users\/1"}],"replies":[{"embeddable":true,"href":"https:\/\/www.caririemacao.com\/1\/wp-json\/wp\/v2\/comments?post=95934"}],"version-history":[{"count":1,"href":"https:\/\/www.caririemacao.com\/1\/wp-json\/wp\/v2\/posts\/95934\/revisions"}],"predecessor-version":[{"id":95936,"href":"https:\/\/www.caririemacao.com\/1\/wp-json\/wp\/v2\/posts\/95934\/revisions\/95936"}],"wp:featuredmedia":[{"embeddable":true,"href":"https:\/\/www.caririemacao.com\/1\/wp-json\/wp\/v2\/media\/95935"}],"wp:attachment":[{"href":"https:\/\/www.caririemacao.com\/1\/wp-json\/wp\/v2\/media?parent=95934"}],"wp:term":[{"taxonomy":"category","embeddable":true,"href":"https:\/\/www.caririemacao.com\/1\/wp-json\/wp\/v2\/categories?post=95934"},{"taxonomy":"post_tag","embeddable":true,"href":"https:\/\/www.caririemacao.com\/1\/wp-json\/wp\/v2\/tags?post=95934"}],"curies":[{"name":"wp","href":"https:\/\/api.w.org\/{rel}","templated":true}]}}