{"id":95937,"date":"2019-05-21T13:56:05","date_gmt":"2019-05-21T16:56:05","guid":{"rendered":"http:\/\/www.caririemacao.com\/1\/?p=95937"},"modified":"2019-05-21T13:56:05","modified_gmt":"2019-05-21T16:56:05","slug":"joao-azevedo-e-mais-12-governadores-pedem-revogacao-do-decreto-de-bolsonaro-sobre-porte-de-armas","status":"publish","type":"post","link":"https:\/\/www.caririemacao.com\/1\/2019\/05\/21\/joao-azevedo-e-mais-12-governadores-pedem-revogacao-do-decreto-de-bolsonaro-sobre-porte-de-armas\/","title":{"rendered":"Jo\u00e3o Azev\u00eado e mais 12 governadores pedem revoga\u00e7\u00e3o do decreto de Bolsonaro sobre porte de armas"},"content":{"rendered":"\n<p>O governador Jo\u00e3o Azev\u00eado assinou, juntamente com mais 12 governadores, uma carta contra o decreto do presidente Jair Bolsonaro que liberou o porte de armas e a compra de muni\u00e7\u00e3o no pa\u00eds. Al\u00e9m dos 13 estados, tamb\u00e9m assina a carta o governador do Distrito Federal, Ibaneis Rocha. Eles pedem que o Executivo, Judici\u00e1rio e Legislativo atuem pela \u201cimediata revoga\u00e7\u00e3o\u201d do dispositivo. \u201cJulgamos que as medidas previstas n\u00e3o contribuir\u00e3o para tornar nossos estados mais seguros\u201d, afirmam.<\/p>\n\n\n\n<p>Assinam o documento, al\u00e9m de Jo\u00e3o Azev\u00eado,&nbsp;os governadores do Maranh\u00e3o, Distrito Federal, Piau\u00ed, Pernambuco, Cear\u00e1, Esp\u00edrito Santo, Bahia, Ria Grande do Norte, Alagoas, Sergipe, Amazonas e Tocantins.<\/p>\n\n\n\n<p>Os governadores defendem que as medidas previstas no decreto ter\u00e3o impacto negativo na viol\u00eancia, aumentando a quantidade de armas e muni\u00e7\u00f5es que poder\u00e3o abastecer criminosos. Segundo os governadores, &#8220;as medidas previstas pelo decreto n\u00e3o contribuir\u00e3o para tornar nossos estados mais seguros&#8221;.<\/p>\n\n\n\n<p>O&nbsp;<a href=\"http:\/\/www.planalto.gov.br\/ccivil_03\/_ato2019-2022\/2019\/decreto\/D9785.htm\">Decreto n\u00ba 9.785, de 7 de maio de 2019<\/a>, regulamenta a Lei n\u00ba 10.826, de 22 de dezembro de 2003, para dispor sobre a aquisi\u00e7\u00e3o, o cadastro, o registro, a posse, o porte e a comercializa\u00e7\u00e3o de armas de fogo e de muni\u00e7\u00e3o e sobre o Sistema Nacional de Armas e o Sistema Nacional de Gerenciamento Militar de Armas. A carta foi disponibilizada pelo governador do Maranh\u00e3o, Fl\u00e1vio Dino, pelo Instagram, e embora tenha ficado de fora devido ao corte na imagem, o governador do Par\u00e1, Helder Barbalho, tamb\u00e9m est\u00e1 na lista.<\/p>\n\n\n\n<p><strong>Confira a Carta:&nbsp; &nbsp;<\/strong><\/p>\n\n\n\n<figure class=\"wp-block-image\"><img decoding=\"async\" data-src=\"https:\/\/www.clickpb.com.br\/media\/filer_public\/ab\/dd\/abddf653-6cce-40c8-9a28-b5b9256b8782\/carta_governadores.jpg\" alt=\"\" src=\"data:image\/svg+xml;base64,PHN2ZyB3aWR0aD0iMSIgaGVpZ2h0PSIxIiB4bWxucz0iaHR0cDovL3d3dy53My5vcmcvMjAwMC9zdmciPjwvc3ZnPg==\" class=\"lazyload\" \/><\/figure>\n\n\n\n<figure class=\"wp-block-image\"><img decoding=\"async\" data-src=\"https:\/\/www.clickpb.com.br\/media\/filer_public\/35\/55\/3555d14c-1f18-4bd1-8cbb-850390657704\/carta_decreto_2.jpg\" alt=\"\" src=\"data:image\/svg+xml;base64,PHN2ZyB3aWR0aD0iMSIgaGVpZ2h0PSIxIiB4bWxucz0iaHR0cDovL3d3dy53My5vcmcvMjAwMC9zdmciPjwvc3ZnPg==\" class=\"lazyload\" \/><\/figure>\n","protected":false},"excerpt":{"rendered":"<p>O governador Jo\u00e3o Azev\u00eado assinou, juntamente com mais 12 governadores, uma carta contra o decreto do presidente Jair Bolsonaro que liberou o porte de armas&hellip; <\/p>\n","protected":false},"author":1,"featured_media":95938,"comment_status":"closed","ping_status":"closed","sticky":false,"template":"","format":"standard","meta":{"sfsi_plus_gutenberg_text_before_share":"","sfsi_plus_gutenberg_show_text_before_share":"","sfsi_plus_gutenberg_icon_type":"","sfsi_plus_gutenberg_icon_alignemt":"","sfsi_plus_gutenburg_max_per_row":"","footnotes":""},"categories":[11],"tags":[],"class_list":["post-95937","post","type-post","status-publish","format-standard","has-post-thumbnail","hentry","category-politica"],"_links":{"self":[{"href":"https:\/\/www.caririemacao.com\/1\/wp-json\/wp\/v2\/posts\/95937","targetHints":{"allow":["GET"]}}],"collection":[{"href":"https:\/\/www.caririemacao.com\/1\/wp-json\/wp\/v2\/posts"}],"about":[{"href":"https:\/\/www.caririemacao.com\/1\/wp-json\/wp\/v2\/types\/post"}],"author":[{"embeddable":true,"href":"https:\/\/www.caririemacao.com\/1\/wp-json\/wp\/v2\/users\/1"}],"replies":[{"embeddable":true,"href":"https:\/\/www.caririemacao.com\/1\/wp-json\/wp\/v2\/comments?post=95937"}],"version-history":[{"count":1,"href":"https:\/\/www.caririemacao.com\/1\/wp-json\/wp\/v2\/posts\/95937\/revisions"}],"predecessor-version":[{"id":95939,"href":"https:\/\/www.caririemacao.com\/1\/wp-json\/wp\/v2\/posts\/95937\/revisions\/95939"}],"wp:featuredmedia":[{"embeddable":true,"href":"https:\/\/www.caririemacao.com\/1\/wp-json\/wp\/v2\/media\/95938"}],"wp:attachment":[{"href":"https:\/\/www.caririemacao.com\/1\/wp-json\/wp\/v2\/media?parent=95937"}],"wp:term":[{"taxonomy":"category","embeddable":true,"href":"https:\/\/www.caririemacao.com\/1\/wp-json\/wp\/v2\/categories?post=95937"},{"taxonomy":"post_tag","embeddable":true,"href":"https:\/\/www.caririemacao.com\/1\/wp-json\/wp\/v2\/tags?post=95937"}],"curies":[{"name":"wp","href":"https:\/\/api.w.org\/{rel}","templated":true}]}}