{"id":95942,"date":"2019-05-21T14:05:05","date_gmt":"2019-05-21T17:05:05","guid":{"rendered":"http:\/\/www.caririemacao.com\/1\/?p=95942"},"modified":"2019-05-21T14:05:05","modified_gmt":"2019-05-21T17:05:05","slug":"com-recorde-de-escolas-olimpiada-de-matematica-tem-hoje-1a-fase","status":"publish","type":"post","link":"https:\/\/www.caririemacao.com\/1\/2019\/05\/21\/com-recorde-de-escolas-olimpiada-de-matematica-tem-hoje-1a-fase\/","title":{"rendered":"Com recorde de escolas, Olimp\u00edada de Matem\u00e1tica tem hoje 1\u00aa fase"},"content":{"rendered":"\n<p>Mais de 18,1 milh\u00f5es de estudantes fazem hoje (21) a prova da primeira fase da 15\u00aa Olimp\u00edada Brasileira de Matem\u00e1tica das Escolas P\u00fablicas (Obmep).<\/p>\n\n\n\n<p>Neste ano, a olimp\u00edada atingiu o n\u00famero recorde de escolas participantes: 54.830 localizadas em 99,71% dos munic\u00edpios brasileiros.<\/p>\n\n\n\n<figure class=\"wp-block-image\"><img decoding=\"async\" data-src=\"http:\/\/imagens.ebc.com.br\/j-8RwWDCrIVjWFD4b9FMYjwuaFE=\/754x0\/smart\/http:\/\/agenciabrasil.ebc.com.br\/sites\/default\/files\/atoms\/image\/1030536-12072016-vac_0190_12.07.16.jpg?itok=SLrehsEi\" alt=\"Bras\u00edlia - A aluna Priscila Mariana de Aguiar Lima recebe o certificado de Men\u00e7\u00e3o Honrosa, por participar da Olimp\u00edada Brasileira de Matem\u00e1tica das Escolas P\u00fablicas (Elza Fiuza\/Ag\u00eancia Brasil)\" src=\"data:image\/svg+xml;base64,PHN2ZyB3aWR0aD0iMSIgaGVpZ2h0PSIxIiB4bWxucz0iaHR0cDovL3d3dy53My5vcmcvMjAwMC9zdmciPjwvc3ZnPg==\" class=\"lazyload\" \/><\/figure>\n\n\n\n<p>Olimp\u00edada Brasileira de Matem\u00e1tica das Escolas P\u00fablicas confere premia\u00e7\u00e3o a estudantes &nbsp; &nbsp;&nbsp;<strong>(Arquivo\/<\/strong><strong>Elza Fiuza\/Ag\u00eancia Brasil)<\/strong><\/p>\n\n\n\n<p>Segundo o diretor-adjunto do Instituto de Matem\u00e1tica Pura e Aplicada (IMPA) e coordenador-geral da Obmep, Claudio Landim, a ades\u00e3o tem aumentado inclusive entre as escolas particulares.<\/p>\n\n\n\n<p>&#8220;A esperan\u00e7a \u00e9 que a Obmep se torne universal. \u00c9 uma prova diferente das aplicadas nas salas de aula, porque mede a facilidade que os alunos t\u00eam com a matem\u00e1tica&#8221;, explica.<\/p>\n\n\n\n<p>&#8220;A olimp\u00edada prop\u00f5e problemas que n\u00e3o exigem conhecimento espec\u00edfico de matem\u00e1tica para serem resolvidos. Conhe\u00e7o estudantes que n\u00e3o sabiam que eram bons em matem\u00e1tica e foi nessa prova que descobriram, por isso \u00e9 importante todos participarem&#8221;, explica.<\/p>\n\n\n\n<p>A primeira olimp\u00edada de matem\u00e1tica foi realizada em 2005, com a participa\u00e7\u00e3o de 10,5 milh\u00f5es de alunos de 31 mil escolas. O n\u00famero aumentou ao longo dos anos. Em 2018, 54.498 escolas participaram. &nbsp;<\/p>\n\n\n\n<h2 class=\"wp-block-heading\">Quest\u00f5es<\/h2>\n\n\n\n<p>Os estudantes t\u00eam 2 horas e 30 minutos para resolver as 20 quest\u00f5es do exame, preparado em tr\u00eas n\u00edveis, de acordo com o grau de escolaridade.<\/p>\n\n\n\n<p>O n\u00edvel 1 corresponde aos 6\u00ba e 7\u00ba anos do ensino fundamental, o n\u00edvel 2 aos 8\u00ba e 9\u00ba anos do ensino fundamental, e o n\u00edvel 3, aos estudantes do ensino m\u00e9dio.<\/p>\n\n\n\n<p>Cabe a cada uma das escolas a aplica\u00e7\u00e3o e a corre\u00e7\u00e3o das provas. Elas seguem as instru\u00e7\u00f5es e os gabaritos elaborados pelo IMPA. Os alunos classificados nesta etapa far\u00e3o a prova da segunda fase, em 28 de setembro.<\/p>\n\n\n\n<p>Participam da olimp\u00edada escolas p\u00fablicas e privadas. As premia\u00e7\u00f5es s\u00e3o feitas separadamente. Os estudantes das escolas p\u00fablicas receber\u00e3o 6,5 mil medalhas, sendo 500 ouros, 1,5 mil pratas e 4,5 mil bronzes, al\u00e9m de at\u00e9 46,2 mil certificados de men\u00e7\u00e3o honrosa.<\/p>\n\n\n\n<h2 class=\"wp-block-heading\">Mais medalhas<\/h2>\n\n\n\n<p>J\u00e1 os estudantes de escolas particulares receber\u00e3o 975 medalhas, sendo 75 ouros, 225 pratas e 675 bronzes e at\u00e9 5,7 mil certificados de men\u00e7\u00e3o honrosa.<\/p>\n\n\n\n<p>A divulga\u00e7\u00e3o dos vencedores est\u00e1 prevista para 3 de dezembro. Landim explica que os medalhistas participam de um programa de inicia\u00e7\u00e3o cient\u00edfica com atividades orientadas por professores qualificados em institui\u00e7\u00f5es de ensino superior e de pesquisa.<br>&nbsp;<br>A olimp\u00edada \u00e9 promovida com recursos do Minist\u00e9rio da Ci\u00eancia, Tecnologia, Inova\u00e7\u00f5es e Comunica\u00e7\u00f5es (MCTIC) e do Minist\u00e9rio da Educa\u00e7\u00e3o (MEC). A competi\u00e7\u00e3o \u00e9 destinada a estudantes a partir do sexto ano do ensino fundamental at\u00e9 o terceiro ano do ensino m\u00e9dio.<\/p>\n\n\n\n<p>De acordo com a organiza\u00e7\u00e3o, o objetivo da competi\u00e7\u00e3o \u00e9 estimular o estudo da matem\u00e1tica, identificar jovens talentosos, incentivar o ingresso dos estudantes em \u00e1reas cient\u00edficas e tecnol\u00f3gicas e promover a inclus\u00e3o social pela difus\u00e3o do conhecimento.<\/p>\n","protected":false},"excerpt":{"rendered":"<p>Mais de 18,1 milh\u00f5es de estudantes fazem hoje (21) a prova da primeira fase da 15\u00aa Olimp\u00edada Brasileira de Matem\u00e1tica das Escolas P\u00fablicas (Obmep). Neste&hellip; <\/p>\n","protected":false},"author":1,"featured_media":0,"comment_status":"closed","ping_status":"closed","sticky":false,"template":"","format":"standard","meta":{"sfsi_plus_gutenberg_text_before_share":"","sfsi_plus_gutenberg_show_text_before_share":"","sfsi_plus_gutenberg_icon_type":"","sfsi_plus_gutenberg_icon_alignemt":"","sfsi_plus_gutenburg_max_per_row":"","footnotes":""},"categories":[1],"tags":[],"class_list":["post-95942","post","type-post","status-publish","format-standard","hentry","category-o-site"],"_links":{"self":[{"href":"https:\/\/www.caririemacao.com\/1\/wp-json\/wp\/v2\/posts\/95942","targetHints":{"allow":["GET"]}}],"collection":[{"href":"https:\/\/www.caririemacao.com\/1\/wp-json\/wp\/v2\/posts"}],"about":[{"href":"https:\/\/www.caririemacao.com\/1\/wp-json\/wp\/v2\/types\/post"}],"author":[{"embeddable":true,"href":"https:\/\/www.caririemacao.com\/1\/wp-json\/wp\/v2\/users\/1"}],"replies":[{"embeddable":true,"href":"https:\/\/www.caririemacao.com\/1\/wp-json\/wp\/v2\/comments?post=95942"}],"version-history":[{"count":1,"href":"https:\/\/www.caririemacao.com\/1\/wp-json\/wp\/v2\/posts\/95942\/revisions"}],"predecessor-version":[{"id":95944,"href":"https:\/\/www.caririemacao.com\/1\/wp-json\/wp\/v2\/posts\/95942\/revisions\/95944"}],"wp:attachment":[{"href":"https:\/\/www.caririemacao.com\/1\/wp-json\/wp\/v2\/media?parent=95942"}],"wp:term":[{"taxonomy":"category","embeddable":true,"href":"https:\/\/www.caririemacao.com\/1\/wp-json\/wp\/v2\/categories?post=95942"},{"taxonomy":"post_tag","embeddable":true,"href":"https:\/\/www.caririemacao.com\/1\/wp-json\/wp\/v2\/tags?post=95942"}],"curies":[{"name":"wp","href":"https:\/\/api.w.org\/{rel}","templated":true}]}}