{"id":95948,"date":"2019-05-21T14:09:05","date_gmt":"2019-05-21T17:09:05","guid":{"rendered":"http:\/\/www.caririemacao.com\/1\/?p=95948"},"modified":"2019-05-21T14:09:05","modified_gmt":"2019-05-21T17:09:05","slug":"selecao-comeca-a-se-apresentar-na-granja-comary-nesta-quarta-feira","status":"publish","type":"post","link":"https:\/\/www.caririemacao.com\/1\/2019\/05\/21\/selecao-comeca-a-se-apresentar-na-granja-comary-nesta-quarta-feira\/","title":{"rendered":"Sele\u00e7\u00e3o come\u00e7a a se apresentar na Granja Comary nesta quarta-feira"},"content":{"rendered":"\n<p>A sele\u00e7\u00e3o brasileira de futebol, chefiada pelo treinador Tite (Adenor Leonardo Bacchi), come\u00e7a a se apresentar no Centro de Treinamento da Confedera\u00e7\u00e3o Brasileira de Futebol (CBF), na Granja Comary, em Petr\u00f3polis, na regi\u00e3o serrana do Rio de Janeiro, a partir desta quarta-feira (22), para o in\u00edcio da prepara\u00e7\u00e3o visando os jogos da Copa Am\u00e9rica Brasil 2019.<\/p>\n\n\n\n<p>Al\u00e9m dos 23 jogadores convocados, formam ainda a delega\u00e7\u00e3o m\u00e9dicos, fisioterapeutas, roupeiros, massagistas, entre outros. De acordo com o planejamento da equipe t\u00e9cnica, na quinta-feira (23), \u00e0s 16h, os jogadores iniciam a fase de treinamentos. O planejamento prev\u00ea, tamb\u00e9m, duas partidas amistosas contra o Catar e Honduras.<\/p>\n\n\n\n<figure class=\"wp-block-image\"><img decoding=\"async\" data-src=\"http:\/\/imagens.ebc.com.br\/oT6LI4stDMbk8x5aMqQpUVJ3sIE=\/754x0\/smart\/http:\/\/agenciabrasil.ebc.com.br\/sites\/default\/files\/thumbnails\/image\/copa_america_2019.jpeg?itok=1PWKau8N\" alt=\"O planejamento de treinamentos da sele\u00e7\u00e3o prev\u00ea, tamb\u00e9m, duas partidas amistosas contra o Catar e Honduras.\" src=\"data:image\/svg+xml;base64,PHN2ZyB3aWR0aD0iMSIgaGVpZ2h0PSIxIiB4bWxucz0iaHR0cDovL3d3dy53My5vcmcvMjAwMC9zdmciPjwvc3ZnPg==\" class=\"lazyload\" \/><\/figure>\n\n\n\n<p>O planejamento de treinamentos da sele\u00e7\u00e3o prev\u00ea, tamb\u00e9m, duas partidas amistosas contra o Catar e Honduras. &#8211;&nbsp;<strong>Lucas Figueiredo &#8211; CBF<\/strong><\/p>\n\n\n\n<p>O Brasil enfrenta&nbsp; a equipe do Catar no dia 5 de junho, no Est\u00e1dio Man\u00e9 Garrincha, em Bras\u00edlia. O jogo contra Honduras ocorrer\u00e1 no dia 9 de junho, no Beira-Rio, em Porto Alegre. A viagem da sele\u00e7\u00e3o a Bras\u00edlia est\u00e1 prevista para 4 de junho, \u00e0s 21h30.<\/p>\n\n\n\n<p>Como os jogadores convocados por Tite se apresentar\u00e3o em datas diferentes durante a prepara\u00e7\u00e3o, atletas jovens de v\u00e1rios clubes estar\u00e3o na Granja Comary completando o grupo de jogadores para os treinos com bola. Eles permanecer\u00e3o em Teres\u00f3polis de 23 a 29 de maio.<\/p>\n\n\n\n<p>Foram chamados os goleiros Phelipe (Gr\u00eamio) e Yuri Sena (Vit\u00f3ria), os defensores Weverton (Cruzeiro), Morato (S\u00e3o Paulo), Nestor (S\u00e3o Paulo), Bruno Fuchs (Internacional) e Ramon (Internacional), os meias Alan (Palmeiras) e Gui Azevedo (Gr\u00eamio), al\u00e9m do atacante Martinelli (Ituano).<\/p>\n\n\n\n<p>A estreia da sele\u00e7\u00e3o brasileira na Copa Am\u00e9rica ser\u00e1 no dia 14 de junho, \u00e0s 21h30, contra a Bol\u00edvia, no Morumbi, em S\u00e3o Paulo. Nessa fase de grupos, o Brasil enfrentar\u00e1 ainda a Venezuela e o Peru nos dias 18 e 22 de junho, respectivamente.<\/p>\n","protected":false},"excerpt":{"rendered":"<p>A sele\u00e7\u00e3o brasileira de futebol, chefiada pelo treinador Tite (Adenor Leonardo Bacchi), come\u00e7a a se apresentar no Centro de Treinamento da Confedera\u00e7\u00e3o Brasileira de Futebol&hellip; <\/p>\n","protected":false},"author":1,"featured_media":95949,"comment_status":"closed","ping_status":"closed","sticky":false,"template":"","format":"standard","meta":{"sfsi_plus_gutenberg_text_before_share":"","sfsi_plus_gutenberg_show_text_before_share":"","sfsi_plus_gutenberg_icon_type":"","sfsi_plus_gutenberg_icon_alignemt":"","sfsi_plus_gutenburg_max_per_row":"","footnotes":""},"categories":[13],"tags":[],"class_list":["post-95948","post","type-post","status-publish","format-standard","has-post-thumbnail","hentry","category-esportes"],"_links":{"self":[{"href":"https:\/\/www.caririemacao.com\/1\/wp-json\/wp\/v2\/posts\/95948","targetHints":{"allow":["GET"]}}],"collection":[{"href":"https:\/\/www.caririemacao.com\/1\/wp-json\/wp\/v2\/posts"}],"about":[{"href":"https:\/\/www.caririemacao.com\/1\/wp-json\/wp\/v2\/types\/post"}],"author":[{"embeddable":true,"href":"https:\/\/www.caririemacao.com\/1\/wp-json\/wp\/v2\/users\/1"}],"replies":[{"embeddable":true,"href":"https:\/\/www.caririemacao.com\/1\/wp-json\/wp\/v2\/comments?post=95948"}],"version-history":[{"count":1,"href":"https:\/\/www.caririemacao.com\/1\/wp-json\/wp\/v2\/posts\/95948\/revisions"}],"predecessor-version":[{"id":95950,"href":"https:\/\/www.caririemacao.com\/1\/wp-json\/wp\/v2\/posts\/95948\/revisions\/95950"}],"wp:featuredmedia":[{"embeddable":true,"href":"https:\/\/www.caririemacao.com\/1\/wp-json\/wp\/v2\/media\/95949"}],"wp:attachment":[{"href":"https:\/\/www.caririemacao.com\/1\/wp-json\/wp\/v2\/media?parent=95948"}],"wp:term":[{"taxonomy":"category","embeddable":true,"href":"https:\/\/www.caririemacao.com\/1\/wp-json\/wp\/v2\/categories?post=95948"},{"taxonomy":"post_tag","embeddable":true,"href":"https:\/\/www.caririemacao.com\/1\/wp-json\/wp\/v2\/tags?post=95948"}],"curies":[{"name":"wp","href":"https:\/\/api.w.org\/{rel}","templated":true}]}}