{"id":95951,"date":"2019-05-21T14:13:30","date_gmt":"2019-05-21T17:13:30","guid":{"rendered":"http:\/\/www.caririemacao.com\/1\/?p=95951"},"modified":"2019-05-21T14:13:30","modified_gmt":"2019-05-21T17:13:30","slug":"primeiras-medidas-para-reduzir-preco-do-gas-serao-anunciadas-em-junho","status":"publish","type":"post","link":"https:\/\/www.caririemacao.com\/1\/2019\/05\/21\/primeiras-medidas-para-reduzir-preco-do-gas-serao-anunciadas-em-junho\/","title":{"rendered":"Primeiras medidas para reduzir pre\u00e7o do g\u00e1s ser\u00e3o anunciadas em junho"},"content":{"rendered":"\n<p>NICOLA PAMPLONA<br>RIO DE JANEIRO, RJ (FOLHAPRESS) \u2013 O governo prev\u00ea lan\u00e7ar em junho as primeiras medidas do projeto de quebra do monop\u00f3lio estatal do mercado brasileiro de g\u00e1s natural.<\/p>\n\n\n\n<p>Entre elas, estar\u00e1 a abertura da infraestrutura de transporte do combust\u00edvel a empresas privadas, afirmou nesta ter\u00e7a-feira (21) o secret\u00e1rio especial de Produtividade, Emprego e Competitividade do Minist\u00e9rio da Economia, Carlos da Costa.<\/p>\n\n\n\n<p>O fim do monop\u00f3lio do g\u00e1s \u00e9 bandeira do ministro da Economia, Paulo Guedes, que v\u00ea potencial para redu\u00e7\u00e3o em at\u00e9 50% no pre\u00e7o do combust\u00edvel.<\/p>\n\n\n\n<p>Atualmente, o consumidor industrial brasileiro paga pelo g\u00e1s 50% a mais do valor pago pelos seus concorrentes na Europa.<\/p>\n\n\n\n<p>Costa disse que, no curto prazo, a principal medida \u00e9 permitir que produtores privados de g\u00e1s acessem a malha de transporte hoje controlada pela Petrobras.<\/p>\n\n\n\n<p>S\u00e3o gasodutos que levam a produ\u00e7\u00e3o das plataformas mar\u00edtimas a unidades de tratamento de g\u00e1s na costa e, depois, dessas unidades \u00e0s distribuidoras de g\u00e1s canalizado.<\/p>\n\n\n\n<p>Segundo ele, essa infraestrutura tem hoje capacidade ociosa, que poder\u00e1 ser usada por empresas privadas sem necessidade de interven\u00e7\u00e3o em contratos da Petrobras.<\/p>\n\n\n\n<p>\u201cEstamos conversando para fazer isso de maneira amig\u00e1vel, sem prejudicar a Petrobras\u201d, afirmou, sem adiantar detalhes.<\/p>\n\n\n\n<p>A Petrobras \u00e9 hoje respons\u00e1vel por 75% da produ\u00e7\u00e3o nacional de g\u00e1s. Mas, como n\u00e3o t\u00eam acesso \u00e0 infraestrutura de transporte, suas s\u00f3cias preferem lhe vender a produ\u00e7\u00e3o. O governo quer incentivar essas empresas a competir com a estatal pelo consumidor final do combust\u00edvel.<\/p>\n\n\n\n<p>As medidas devem ser anunciadas em resolu\u00e7\u00e3o do CNPE (Conselho Nacional de Pol\u00edtica Energ\u00e9tica) ainda em junho, disse o secret\u00e1rio, em entrevista ap\u00f3s evento no Rio sobre o mercado de g\u00e1s natural. Sua expectativa \u00e9 que a meta de redu\u00e7\u00e3o \u00e0 metade do pre\u00e7o seja atingida para alguns setores econ\u00f4micos em 2024.<\/p>\n\n\n\n<p>Costa citou os setores de fertilizantes e qu\u00edmicos como alguns dos beneficiados pela medida. \u201cHoje o custo do g\u00e1s \u00e9 proibitivo. Estamos com a ind\u00fastria de fertilizantes parando\u201d, afirmou.<\/p>\n\n\n\n<p>Estudo liderado pelo economista Carlos Langoni prev\u00ea potencial de atra\u00e7\u00e3o de R$ 240 bilh\u00f5es em investimentos em diversos setores caso o pre\u00e7o do g\u00e1s seja reduzido do pa\u00eds. Para o ministro da Economia, o processo pode resultar na reindustrializa\u00e7\u00e3o do pa\u00eds.<\/p>\n\n\n\n<p>O esfor\u00e7o tem por objetivo aproveitar o crescimento na produ\u00e7\u00e3o do pr\u00e9-sal. At\u00e9 2027, segundo a EPE (Empresa de Pesquisa Energ\u00e9tica), a produ\u00e7\u00e3o nacional crescer\u00e1 em 100 milh\u00f5es de metros c\u00fabicos por dia, praticamente dobrando em rela\u00e7\u00e3o aos 114 milh\u00f5es de metros c\u00fabicos produzidos atualmente.<\/p>\n\n\n\n<p>Para que o g\u00e1s chegue mais barato ao consumidor, o governo defende a desverticaliza\u00e7\u00e3o do mercado, restringindo a opera\u00e7\u00e3o de redes de transporte por produtores do combust\u00edvel e, na ponta da distribui\u00e7\u00e3o, separando a atividade de venda do g\u00e1s da distribui\u00e7\u00e3o, como ocorre no setor el\u00e9trico.<\/p>\n","protected":false},"excerpt":{"rendered":"<p>NICOLA PAMPLONARIO DE JANEIRO, RJ (FOLHAPRESS) \u2013 O governo prev\u00ea lan\u00e7ar em junho as primeiras medidas do projeto de quebra do monop\u00f3lio estatal do mercado&hellip; <\/p>\n","protected":false},"author":1,"featured_media":95952,"comment_status":"closed","ping_status":"closed","sticky":false,"template":"","format":"standard","meta":{"sfsi_plus_gutenberg_text_before_share":"","sfsi_plus_gutenberg_show_text_before_share":"","sfsi_plus_gutenberg_icon_type":"","sfsi_plus_gutenberg_icon_alignemt":"","sfsi_plus_gutenburg_max_per_row":"","footnotes":""},"categories":[2],"tags":[],"class_list":["post-95951","post","type-post","status-publish","format-standard","has-post-thumbnail","hentry","category-geral"],"_links":{"self":[{"href":"https:\/\/www.caririemacao.com\/1\/wp-json\/wp\/v2\/posts\/95951","targetHints":{"allow":["GET"]}}],"collection":[{"href":"https:\/\/www.caririemacao.com\/1\/wp-json\/wp\/v2\/posts"}],"about":[{"href":"https:\/\/www.caririemacao.com\/1\/wp-json\/wp\/v2\/types\/post"}],"author":[{"embeddable":true,"href":"https:\/\/www.caririemacao.com\/1\/wp-json\/wp\/v2\/users\/1"}],"replies":[{"embeddable":true,"href":"https:\/\/www.caririemacao.com\/1\/wp-json\/wp\/v2\/comments?post=95951"}],"version-history":[{"count":1,"href":"https:\/\/www.caririemacao.com\/1\/wp-json\/wp\/v2\/posts\/95951\/revisions"}],"predecessor-version":[{"id":95953,"href":"https:\/\/www.caririemacao.com\/1\/wp-json\/wp\/v2\/posts\/95951\/revisions\/95953"}],"wp:featuredmedia":[{"embeddable":true,"href":"https:\/\/www.caririemacao.com\/1\/wp-json\/wp\/v2\/media\/95952"}],"wp:attachment":[{"href":"https:\/\/www.caririemacao.com\/1\/wp-json\/wp\/v2\/media?parent=95951"}],"wp:term":[{"taxonomy":"category","embeddable":true,"href":"https:\/\/www.caririemacao.com\/1\/wp-json\/wp\/v2\/categories?post=95951"},{"taxonomy":"post_tag","embeddable":true,"href":"https:\/\/www.caririemacao.com\/1\/wp-json\/wp\/v2\/tags?post=95951"}],"curies":[{"name":"wp","href":"https:\/\/api.w.org\/{rel}","templated":true}]}}