{"id":95961,"date":"2019-05-21T17:25:22","date_gmt":"2019-05-21T20:25:22","guid":{"rendered":"http:\/\/www.caririemacao.com\/1\/?p=95961"},"modified":"2019-05-21T17:25:22","modified_gmt":"2019-05-21T20:25:22","slug":"prefeito-de-ssu-homologa-concurso-publico-para-provimento-de-cargos-efetivos","status":"publish","type":"post","link":"https:\/\/www.caririemacao.com\/1\/2019\/05\/21\/prefeito-de-ssu-homologa-concurso-publico-para-provimento-de-cargos-efetivos\/","title":{"rendered":"Prefeito de SSU homologa concurso p\u00fablico para provimento de cargos efetivos"},"content":{"rendered":"\n<div class=\"wp-block-image\"><figure class=\"alignleft\"><img decoding=\"async\" data-src=\"https:\/\/i0.wp.com\/www.vitrinedocariri.com.br\/wp-content\/uploads\/2018\/10\/Prefeito-Adriano-Wolff-reafirma-apoio-de-seu-grupo-a-candidatos.jpg?zoom=2&amp;resize=330%2C183&amp;ssl=1\" alt=\"\" class=\"wp-image-24077 lazyload\" src=\"data:image\/svg+xml;base64,PHN2ZyB3aWR0aD0iMSIgaGVpZ2h0PSIxIiB4bWxucz0iaHR0cDovL3d3dy53My5vcmcvMjAwMC9zdmciPjwvc3ZnPg==\" \/><\/figure><\/div>\n\n\n\n<p>O prefeito de S\u00e3o Sebasti\u00e3o do Umbuzeiro, Adriano Wolff, homologou o concurso p\u00fablico da Prefeitura Municipal, regido pelo edital n\u00ba 001\/2018. A homologa\u00e7\u00e3o foi publicada no Di\u00e1rio Oficial dos Munic\u00edpios da Para\u00edba nesta ter\u00e7a-feira (21).<\/p>\n\n\n\n<p>No decreto, foi homologado o processo administrativo do Concurso P\u00fablico para contrata\u00e7\u00e3o de servidores p\u00fablicos, de acordo com o edital do certame e a lista de classificados em ordem de classifica\u00e7\u00e3o executado pelo INSTITUTO CONSULPAM em 2019, com vig\u00eancia de 2(dois) anos, contados desta data, prorrog\u00e1vel por igual per\u00edodo.<\/p>\n\n\n\n<p>O decreto ainda ratifica o resultado final constante da lista dos resultados finais, independentemente de sua transcri\u00e7\u00e3o, al\u00e9m de determinar ao \u00f3rg\u00e3o municipal competente a cumprir fielmente as normas legais para contrata\u00e7\u00e3o dos candidatos aprovados, quando convenientes a Administra\u00e7\u00e3o P\u00fablica Municipal, entrando em vigor na data da publica\u00e7\u00e3o.<\/p>\n\n\n\n<p>O decreto est\u00e1 dispon\u00edvel na p\u00e1gina 31, do Di\u00e1rio Oficial dos Munic\u00edpios, e pode ser conferido atrav\u00e9s do site: http:\/\/www.diariomunicipal.com.br\/famup\/<\/p>\n","protected":false},"excerpt":{"rendered":"<p>O prefeito de S\u00e3o Sebasti\u00e3o do Umbuzeiro, Adriano Wolff, homologou o concurso p\u00fablico da Prefeitura Municipal, regido pelo edital n\u00ba 001\/2018. A homologa\u00e7\u00e3o foi publicada&hellip; <\/p>\n","protected":false},"author":1,"featured_media":25951,"comment_status":"closed","ping_status":"closed","sticky":false,"template":"","format":"standard","meta":{"sfsi_plus_gutenberg_text_before_share":"","sfsi_plus_gutenberg_show_text_before_share":"","sfsi_plus_gutenberg_icon_type":"","sfsi_plus_gutenberg_icon_alignemt":"","sfsi_plus_gutenburg_max_per_row":"","footnotes":""},"categories":[6,50],"tags":[],"class_list":["post-95961","post","type-post","status-publish","format-standard","has-post-thumbnail","hentry","category-cidades","category-destaque"],"_links":{"self":[{"href":"https:\/\/www.caririemacao.com\/1\/wp-json\/wp\/v2\/posts\/95961","targetHints":{"allow":["GET"]}}],"collection":[{"href":"https:\/\/www.caririemacao.com\/1\/wp-json\/wp\/v2\/posts"}],"about":[{"href":"https:\/\/www.caririemacao.com\/1\/wp-json\/wp\/v2\/types\/post"}],"author":[{"embeddable":true,"href":"https:\/\/www.caririemacao.com\/1\/wp-json\/wp\/v2\/users\/1"}],"replies":[{"embeddable":true,"href":"https:\/\/www.caririemacao.com\/1\/wp-json\/wp\/v2\/comments?post=95961"}],"version-history":[{"count":1,"href":"https:\/\/www.caririemacao.com\/1\/wp-json\/wp\/v2\/posts\/95961\/revisions"}],"predecessor-version":[{"id":95962,"href":"https:\/\/www.caririemacao.com\/1\/wp-json\/wp\/v2\/posts\/95961\/revisions\/95962"}],"wp:featuredmedia":[{"embeddable":true,"href":"https:\/\/www.caririemacao.com\/1\/wp-json\/wp\/v2\/media\/25951"}],"wp:attachment":[{"href":"https:\/\/www.caririemacao.com\/1\/wp-json\/wp\/v2\/media?parent=95961"}],"wp:term":[{"taxonomy":"category","embeddable":true,"href":"https:\/\/www.caririemacao.com\/1\/wp-json\/wp\/v2\/categories?post=95961"},{"taxonomy":"post_tag","embeddable":true,"href":"https:\/\/www.caririemacao.com\/1\/wp-json\/wp\/v2\/tags?post=95961"}],"curies":[{"name":"wp","href":"https:\/\/api.w.org\/{rel}","templated":true}]}}