{"id":95965,"date":"2019-05-21T17:27:19","date_gmt":"2019-05-21T20:27:19","guid":{"rendered":"http:\/\/www.caririemacao.com\/1\/?p=95965"},"modified":"2019-05-21T17:27:19","modified_gmt":"2019-05-21T20:27:19","slug":"prefeito-eden-encaminha-projeto-de-lei-a-camara-para-incentivar-a-arrecadacao-do-municipio","status":"publish","type":"post","link":"https:\/\/www.caririemacao.com\/1\/2019\/05\/21\/prefeito-eden-encaminha-projeto-de-lei-a-camara-para-incentivar-a-arrecadacao-do-municipio\/","title":{"rendered":"Prefeito \u00c9den encaminha Projeto de Lei \u00e0 C\u00e2mara para incentivar a arrecada\u00e7\u00e3o do munic\u00edpio"},"content":{"rendered":"\n<p>O prefeito \u00c9den Duarte encaminhou nesta ter\u00e7a-feira (21), projeto de Lei \u00e0 C\u00e2mara de Vereadores que trata sobre o consentimento de descontos no IPTU para os contribuintes dos munic\u00edpios que fizerem a transfer\u00eancia do registro de seus ve\u00edculos para a se\u00e7\u00e3o de Sum\u00e9 e recolhimento do Imposto sobre a Propriedade de Ve\u00edculos Automotores (IPVA) tamb\u00e9m no munic\u00edpio de Sum\u00e9.<\/p>\n\n\n\n<p>De acordo com o projeto de lei, o desconto ser\u00e1 de 25% no IPTU daqueles que, tendo resid\u00eancia ou domic\u00edlio em Sum\u00e9, fizerem o registro ou transfer\u00eancia dos seus ve\u00edculos automotores e recolhimento do IPVA para Sum\u00e9.<\/p>\n\n\n\n<p>O abatimento no IPTU \u00e9 para os exerc\u00edcios de 2019 e 2020. O prazo de validade para a concess\u00e3o do incentivo encerra-se no dia 31 de dezembro de 2020.<\/p>\n\n\n\n<p>Do valor que \u00e9 arrecadado com IPVA, 50% fica para o munic\u00edpio de emplacamento do ve\u00edculo e foi com base em uma experi\u00eancia apresentada pela Confedera\u00e7\u00e3o Nacional dos Munic\u00edpios (CNM), com resultados positivos de um ente municipal, que o prefeito \u00c9den apresenta semelhante projeto de lei para incrementar as receitas do munic\u00edpio e continuar mantendo o n\u00edvel de investimentos que vem fazendo nos \u00faltimos anos.<\/p>\n\n\n\n<p>Segundo o prefeito, muitas s\u00e3o as dificuldades enfrentadas com repasses cada vez menores do governo federal e com poucas arrecada\u00e7\u00f5es.<\/p>\n\n\n\n<p>Comparando a arrecada\u00e7\u00e3o deste ano com rela\u00e7\u00e3o a 2018, no per\u00edodo de janeiro a abril, as receitas ca\u00edram 7% em 2019, e no mesmo per\u00edodo, as despesas j\u00e1 aumentaram com sal\u00e1rio m\u00ednimo, combust\u00edvel, \u00e1gua e luz.<\/p>\n\n\n\n<p>Para melhorar o quadro, outra alternativa buscada pelo Poder Executivo, anteriormente, foi a implementa\u00e7\u00e3o do Programa de Recupera\u00e7\u00e3o de Receitas, que permitiu a redu\u00e7\u00e3o de multas e de juros de mora, nos d\u00e9bitos dos contribuintes em atraso com os impostos municipais, a exemplo de IPTU e Imposto Sobre Servi\u00e7o (ISS) e ainda com cr\u00e9ditos parcelados em at\u00e9 36 meses.<\/p>\n\n\n\n<p>O Poder Executivo aguarda agora a aprecia\u00e7\u00e3o da C\u00e2mara para que, em caso de aprova\u00e7\u00e3o, o projeto possa ser sancionado o quanto antes.<\/p>\n\n\n\n<p><em>Com Ascom PMS<\/em><\/p>\n","protected":false},"excerpt":{"rendered":"<p>O prefeito \u00c9den Duarte encaminhou nesta ter\u00e7a-feira (21), projeto de Lei \u00e0 C\u00e2mara de Vereadores que trata sobre o consentimento de descontos no IPTU para&hellip; <\/p>\n","protected":false},"author":1,"featured_media":87902,"comment_status":"closed","ping_status":"closed","sticky":false,"template":"","format":"standard","meta":{"sfsi_plus_gutenberg_text_before_share":"","sfsi_plus_gutenberg_show_text_before_share":"","sfsi_plus_gutenberg_icon_type":"","sfsi_plus_gutenberg_icon_alignemt":"","sfsi_plus_gutenburg_max_per_row":"","footnotes":""},"categories":[50,2],"tags":[],"class_list":["post-95965","post","type-post","status-publish","format-standard","has-post-thumbnail","hentry","category-destaque","category-geral"],"_links":{"self":[{"href":"https:\/\/www.caririemacao.com\/1\/wp-json\/wp\/v2\/posts\/95965","targetHints":{"allow":["GET"]}}],"collection":[{"href":"https:\/\/www.caririemacao.com\/1\/wp-json\/wp\/v2\/posts"}],"about":[{"href":"https:\/\/www.caririemacao.com\/1\/wp-json\/wp\/v2\/types\/post"}],"author":[{"embeddable":true,"href":"https:\/\/www.caririemacao.com\/1\/wp-json\/wp\/v2\/users\/1"}],"replies":[{"embeddable":true,"href":"https:\/\/www.caririemacao.com\/1\/wp-json\/wp\/v2\/comments?post=95965"}],"version-history":[{"count":1,"href":"https:\/\/www.caririemacao.com\/1\/wp-json\/wp\/v2\/posts\/95965\/revisions"}],"predecessor-version":[{"id":95966,"href":"https:\/\/www.caririemacao.com\/1\/wp-json\/wp\/v2\/posts\/95965\/revisions\/95966"}],"wp:featuredmedia":[{"embeddable":true,"href":"https:\/\/www.caririemacao.com\/1\/wp-json\/wp\/v2\/media\/87902"}],"wp:attachment":[{"href":"https:\/\/www.caririemacao.com\/1\/wp-json\/wp\/v2\/media?parent=95965"}],"wp:term":[{"taxonomy":"category","embeddable":true,"href":"https:\/\/www.caririemacao.com\/1\/wp-json\/wp\/v2\/categories?post=95965"},{"taxonomy":"post_tag","embeddable":true,"href":"https:\/\/www.caririemacao.com\/1\/wp-json\/wp\/v2\/tags?post=95965"}],"curies":[{"name":"wp","href":"https:\/\/api.w.org\/{rel}","templated":true}]}}