{"id":95980,"date":"2019-05-21T22:43:03","date_gmt":"2019-05-22T01:43:03","guid":{"rendered":"http:\/\/www.caririemacao.com\/1\/?p=95980"},"modified":"2019-05-21T22:43:03","modified_gmt":"2019-05-22T01:43:03","slug":"ocde-reduz-previsao-de-crescimento-do-brasil","status":"publish","type":"post","link":"https:\/\/www.caririemacao.com\/1\/2019\/05\/21\/ocde-reduz-previsao-de-crescimento-do-brasil\/","title":{"rendered":"OCDE reduz previs\u00e3o de crescimento do Brasil"},"content":{"rendered":"\n<p>As incertezas em torno das pol\u00edticas do governo, particularmente em rela\u00e7\u00e3o \u00e0 reforma da Previd\u00eancia, devem fazer com que o Brasil cres\u00e7a menos do que o previsto em 2019 e em 2020, de acordo com as previs\u00f5es divulgadas pela Organiza\u00e7\u00e3o para a Coopera\u00e7\u00e3o e o Desenvolvimento Econ\u00f4mico (OCDE) nesta ter\u00e7a-feira (21\/05).<div><br>A organiza\u00e7\u00e3o apontou que o Produto Interno Bruto (PIB) brasileiro crescer\u00e1 1,4% em 2019 e 2,3% em 2020, o que representaria uma redu\u00e7\u00e3o de sete d\u00e9cimos e de um d\u00e9cimo em rela\u00e7\u00e3o \u00e0 previs\u00e3o anterior, emitida em mar\u00e7o, para este e o pr\u00f3ximo ano, respectivamente.<br>Como compara\u00e7\u00e3o, segundo o relat\u00f3rio, a economia mundial dever\u00e1 crescer em m\u00e9dia 3,2% neste ano.<\/div><\/p>\n\n\n\n<p><div><br>A OCDE comunicou que, de acordo com sua perspectiva anual, a desacelera\u00e7\u00e3o da economia acontecer\u00e1 \u201capesar das condi\u00e7\u00f5es financeiras favor\u00e1veis\u201d por conta da incerteza em torno de uma poss\u00edvel reforma da Previd\u00eancia.<\/div><\/p>\n\n\n\n<p><div><br>\u201cA fragmenta\u00e7\u00e3o pol\u00edtica no Brasil e, \u00e0s vezes, a rela\u00e7\u00e3o dif\u00edcil entre diferentes alas do governo complicam a constru\u00e7\u00e3o de um consenso pol\u00edtico para a aprova\u00e7\u00e3o de reformas-chave\u201d, disse a OCDE em comunicado.<\/div><\/p>\n\n\n\n<p><div><br>Caso essas d\u00favidas sejam superadas, diz a estimativa, haver\u00e1 uma reativa\u00e7\u00e3o da demanda interna, o que pode gerar uma queda do desemprego, ao mesmo tempo em que est\u00e1 previsto que a infla\u00e7\u00e3o se mantenha dentro do programado.<\/div><\/p>\n\n\n\n<p><div><br>A atual pol\u00edtica monet\u00e1ria destinada a limitar a infla\u00e7\u00e3o tamb\u00e9m apoiar\u00e1 os gastos das fam\u00edlias, embora o saldo das contas p\u00fablicas esteja \u201cem risco\u201d devido ao aumento do investimento p\u00fablico.<\/div><\/p>\n\n\n\n<p><div><br>Al\u00e9m disso, a OCDE defende o reequil\u00edbrio dos gastos com programas sociais para as pessoas com renda mais baixa para reduzir a desigualdade, al\u00e9m de reformas que aumentem a produtividade e reduzam os impedimentos administrativos \u00e0s importa\u00e7\u00f5es para garantir o crescimento.<br>A organiza\u00e7\u00e3o tamb\u00e9m alertou para a diminui\u00e7\u00e3o da confian\u00e7a dos empres\u00e1rios nas reformas empreendidas, junto com uma redu\u00e7\u00e3o da produ\u00e7\u00e3o industrial, que \u00e9 compensada em parte pelo bom desempenho dos setores de servi\u00e7os e prim\u00e1rios.<\/div><\/p>\n\n\n\n<p><div><br>A OCDE afirmou que a economia brasileira continua se recuperando, mas que houve uma queda no ritmo, especialmente nos investimentos. A organiza\u00e7\u00e3o justificou tal queda, pois \u201ctodos os olhos est\u00e3o voltados para a capacidade do novo governo de realizar reformas\u201d.<\/div><\/p>\n\n\n\n<p><div><br>A d\u00edvida p\u00fablica bruta se mant\u00e9m em 77% do PIB, e o d\u00e9ficit prim\u00e1rio em 1,5%, o que exige uma redu\u00e7\u00e3o dr\u00e1stica dos gastos para manter as metas estabelecidas.<\/div><\/p>\n\n\n\n<p><div><br>Mundo afora<br>Entre os pa\u00edses que sofreram as maiores revis\u00f5es est\u00e3o os que mais dependem do com\u00e9rcio exterior e do setor manufatureiro. A Alemanha \u00e9 o melhor exemplo, com um crescimento esperado para este ano de apenas 0,7%, nove d\u00e9cimos a menos do que a previs\u00e3o anterior, e de 1,2% em 2020 (dois d\u00e9cimos a menos).<\/div><\/p>\n\n\n\n<p><div><br>Na mesma linha, a It\u00e1lia ficar\u00e1 estagnada em 2019, o que representa nove d\u00e9cimos a menos do que a previs\u00e3o de seis meses atr\u00e1s, e s\u00f3 crescer\u00e1 0,6% no pr\u00f3ximo ano (tr\u00eas d\u00e9cimos a menos). O impacto ser\u00e1 menor para a Fran\u00e7a, pa\u00eds mais dependente de sua demanda interna, com uma progress\u00e3o do PIB de 1,3% tanto neste ano (tr\u00eas d\u00e9cimos a menos) como no pr\u00f3ximo (dois d\u00e9cimos a menos).<br>Em conjunto, os autores do relat\u00f3rio reduziram as perspectivas para a zona do euro em seis d\u00e9cimos para 2019 (para 1,2%) e em dois para 2020 (at\u00e9 1,4%).<\/div><\/p>\n\n\n\n<p><div><br>Por\u00e9m, o pa\u00eds que verdadeiramente estabelece um contraponto \u00e9 os Estados Unidos, com uma das maiores taxas de crescimento do mundo desenvolvido e que foram revisadas para cima neste relat\u00f3rio. O PIB americano crescer\u00e1 2,8% neste ano, um d\u00e9cimo a mais do que foi antecipado h\u00e1 seis meses, e 2,3% em 2020 (dois d\u00e9cimos a mais).<\/div><\/p>\n","protected":false},"excerpt":{"rendered":"<p>As incertezas em torno das pol\u00edticas do governo, particularmente em rela\u00e7\u00e3o \u00e0 reforma da Previd\u00eancia, devem fazer com que o Brasil cres\u00e7a menos do que&hellip; <\/p>\n","protected":false},"author":2,"featured_media":95981,"comment_status":"closed","ping_status":"closed","sticky":false,"template":"","format":"standard","meta":{"sfsi_plus_gutenberg_text_before_share":"","sfsi_plus_gutenberg_show_text_before_share":"","sfsi_plus_gutenberg_icon_type":"","sfsi_plus_gutenberg_icon_alignemt":"","sfsi_plus_gutenburg_max_per_row":"","footnotes":""},"categories":[50],"tags":[],"class_list":["post-95980","post","type-post","status-publish","format-standard","has-post-thumbnail","hentry","category-destaque"],"_links":{"self":[{"href":"https:\/\/www.caririemacao.com\/1\/wp-json\/wp\/v2\/posts\/95980","targetHints":{"allow":["GET"]}}],"collection":[{"href":"https:\/\/www.caririemacao.com\/1\/wp-json\/wp\/v2\/posts"}],"about":[{"href":"https:\/\/www.caririemacao.com\/1\/wp-json\/wp\/v2\/types\/post"}],"author":[{"embeddable":true,"href":"https:\/\/www.caririemacao.com\/1\/wp-json\/wp\/v2\/users\/2"}],"replies":[{"embeddable":true,"href":"https:\/\/www.caririemacao.com\/1\/wp-json\/wp\/v2\/comments?post=95980"}],"version-history":[{"count":1,"href":"https:\/\/www.caririemacao.com\/1\/wp-json\/wp\/v2\/posts\/95980\/revisions"}],"predecessor-version":[{"id":95982,"href":"https:\/\/www.caririemacao.com\/1\/wp-json\/wp\/v2\/posts\/95980\/revisions\/95982"}],"wp:featuredmedia":[{"embeddable":true,"href":"https:\/\/www.caririemacao.com\/1\/wp-json\/wp\/v2\/media\/95981"}],"wp:attachment":[{"href":"https:\/\/www.caririemacao.com\/1\/wp-json\/wp\/v2\/media?parent=95980"}],"wp:term":[{"taxonomy":"category","embeddable":true,"href":"https:\/\/www.caririemacao.com\/1\/wp-json\/wp\/v2\/categories?post=95980"},{"taxonomy":"post_tag","embeddable":true,"href":"https:\/\/www.caririemacao.com\/1\/wp-json\/wp\/v2\/tags?post=95980"}],"curies":[{"name":"wp","href":"https:\/\/api.w.org\/{rel}","templated":true}]}}