{"id":95983,"date":"2019-05-22T08:07:15","date_gmt":"2019-05-22T11:07:15","guid":{"rendered":"http:\/\/www.caririemacao.com\/1\/?p=95983"},"modified":"2019-05-22T08:07:15","modified_gmt":"2019-05-22T11:07:15","slug":"ultimo-suspeito-de-envolvimento-na-morte-de-integrantes-do-mst-em-acampamento-e-preso-na-pb","status":"publish","type":"post","link":"https:\/\/www.caririemacao.com\/1\/2019\/05\/22\/ultimo-suspeito-de-envolvimento-na-morte-de-integrantes-do-mst-em-acampamento-e-preso-na-pb\/","title":{"rendered":"\u00daltimo suspeito de envolvimento na morte de integrantes do MST em acampamento \u00e9 preso, na PB"},"content":{"rendered":"\n<p>O \u00faltimo suspeito do&nbsp;<a href=\"https:\/\/g1.globo.com\/pb\/paraiba\/noticia\/2018\/12\/09\/dois-integrantes-do-mst-na-pb-sao-mortos-a-tiros-por-encapuzados-em-assentamento-diz-pm.ghtml\">duplo assassinato de integrantes do Movimento dos Trabalhadores Sem Terra na Para\u00edba (MST-PB)<\/a>, em dezembro de 2018, foi preso nesta ter\u00e7a-feira (21), na cidade de Bayeux, Regi\u00e3o Metropolitana de Jo\u00e3o Pessoa. A pris\u00e3o aconteceu sob for\u00e7a de um mandado de pris\u00e3o preventiva. Com a pris\u00e3o de Jos\u00e9 Aur\u00e9lio Gomes Melo, de 34 anos, e o cumprimento de mais dois mandados de busca e apreens\u00e3o, a Pol\u00edcia Civil encerra a Opera\u00e7\u00e3o Ampulheta.<\/p>\n\n\n\n<p><a href=\"https:\/\/g1.globo.com\/pb\/paraiba\/noticia\/2018\/12\/09\/dois-integrantes-do-mst-na-pb-sao-mortos-a-tiros-por-encapuzados-em-assentamento-diz-pm.ghtml\">Jos\u00e9 Bernardo da Silva, conhecido como Orlando, e Rodrigo Celestino, foram mortos por homens encapuzados e armados<\/a>, de acordo com informa\u00e7\u00f5es do MST, no acampamento Dom Jos\u00e9 Maria Pires, em Alhandra, na Regi\u00e3o Metropolitana de Jo\u00e3o Pessoa. O duplo homic\u00eddio foi confirmado pela Pol\u00edcia Militar. O crime aconteceu no dia 8 de dezembro de 2018.<\/p>\n\n\n\n<p><a href=\"https:\/\/g1.globo.com\/pb\/paraiba\/noticia\/2019\/05\/17\/suspeitos-de-envolvimento-na-morte-de-integrantes-do-mst-em-acampamento-sao-presos-na-pb.ghtml\">Outros dois homens e uma mulher foram presos no dia 17 de maio<\/a>, em Alhandra e Jo\u00e3o Pessoa, suspeitos de tamb\u00e9m terem participado do assassinato no assentamento Dom Jos\u00e9 Maria Pires. A Pol\u00edcia Civil tamb\u00e9m cumpriu tr\u00eas mandados de busca e apreens\u00e3o. Rawlinson Bezerra de Lima, conhecido como Ralph, Leandro Soares da Silva e Maria de F\u00e1tima Santos, t\u00eam uma liga\u00e7\u00e3o muito pr\u00f3xima dos mandantes do crime e teria participa\u00e7\u00e3o direta no assassinato.<\/p>\n\n\n\n<p>Segundo Aneilton Castro, delegado da seccional de Pol\u00edcia Civil em Alhandra, Jos\u00e9 Aur\u00e9lio era o \u00fanico suspeito que faltava ser preso na Opera\u00e7\u00e3o Ampulheta. \u201cCom essa pris\u00e3o a Pol\u00edcia Civil conclui a Opera\u00e7\u00e3o Ampulheta, cumprindo todos os mandados de pris\u00e3o preventiva e cinco mandados de busca e apreens\u00e3o\u201d, destacou.<\/p>\n\n\n\n<figure class=\"wp-block-image\"><img decoding=\"async\" data-src=\"https:\/\/s2.glbimg.com\/wfdkgs1V3Bu4hUvw9wZBrcHHoPM=\/0x0:1600x900\/984x0\/smart\/filters:strip_icc()\/i.s3.glbimg.com\/v1\/AUTH_59edd422c0c84a879bd37670ae4f538a\/internal_photos\/bs\/2018\/p\/1\/Beulp3RO6G8ktRirOw5Q\/acampamento-mst-alhandra-pb.jpg\" alt=\"Acampamento Dom Jos\u00e9 Maria Pires foi montado em julho de 2017 na fazenda Igarapu em Alhandra, Litoral Sul da Para\u00edba \u2014 Foto: Reprodu\u00e7\u00e3o\/TV Cabo Branco\" src=\"data:image\/svg+xml;base64,PHN2ZyB3aWR0aD0iMSIgaGVpZ2h0PSIxIiB4bWxucz0iaHR0cDovL3d3dy53My5vcmcvMjAwMC9zdmciPjwvc3ZnPg==\" class=\"lazyload\" \/><\/figure>\n\n\n\n<p>Acampamento Dom Jos\u00e9 Maria Pires foi montado em julho de 2017 na fazenda Igarapu em Alhandra, Litoral Sul da Para\u00edba \u2014 Foto: Reprodu\u00e7\u00e3o\/TV Cabo Branco<\/p>\n\n\n\n<h2 class=\"wp-block-heading\"><a href=\"https:\/\/g1.globo.com\/pb\/paraiba\/noticia\/2019\/05\/17\/briga-por-extracao-de-areia-motivou-morte-de-integrantes-do-mst-pb-diz-delegada.ghtml\">Motiva\u00e7\u00e3o do crime<\/a><\/h2>\n\n\n\n<p>Os dois homens assassinados em dezembro de 2018, no acampamento Dom Jos\u00e9 Maria Pires, em Alhandra, Regi\u00e3o Metropolitana de Jo\u00e3o Pessoa,<a href=\"https:\/\/g1.globo.com\/pb\/paraiba\/noticia\/2019\/05\/17\/briga-por-extracao-de-areia-motivou-morte-de-integrantes-do-mst-pb-diz-delegada.ghtml\">&nbsp;teriam sido mortos porque proibiram que pelo menos um dos suspeitos do crime fizessem a extra\u00e7\u00e3o de areia no local usado para explora\u00e7\u00e3o do produto.<\/a>&nbsp;Conforme a delegada Fl\u00e1via Assad, o acampamento \u00e9 uma \u00e1rea de extra\u00e7\u00e3o, com permiss\u00e3o do Movimento dos Trabalhadores Rurais Sem Terra na Para\u00edba (MST-PB).<\/p>\n\n\n\n<p>De acordo com a delegada, o MST permite que areeiros fa\u00e7am a explora\u00e7\u00e3o da areia, mediante o pagamento de R$ 2 mil por m\u00eas, sendo R$ 1 mil para o movimento e R$ 1 mil para os assentados. No entanto, um dos suspeitos do crime estava fazendo a extra\u00e7\u00e3o sem realizar o repasse do dinheiro. Al\u00e9m disso, a extra\u00e7\u00e3o feita por ele era clandestina, porque acontecia durante a madrugada.<\/p>\n\n\n\n<p>Ap\u00f3s descobrir a irregularidade, Jos\u00e9 Bernardo da Silva, conhecido como Orlando, e Rodrigo Celestino, assassinados em dezembro de 2018, proibiram a extra\u00e7\u00e3o. Motivado por isso, o suspeito identificado como Rawlinson Bezerra de Lima, conhecido como Ralph, come\u00e7ou a articular a morte dos dois integrantes do MST.<\/p>\n\n\n\n<p>A delegado Roberta Neiva esclareceu que o duplo assassinato n\u00e3o tem nenhuma liga\u00e7\u00e3o com o MST. &#8220;N\u00e3o h\u00e1 nenhum tipo de criminaliza\u00e7\u00e3o do Movimento Sem Terra, o crime n\u00e3o tem nenhuma rela\u00e7\u00e3o com a atividade social do movimento. \u00c9 um crime motivado por quest\u00f5es pessoais, econ\u00f4micas, de pessoas que se relacionavam com membros, integrantes do movimento&#8221;, explicou.<\/p>\n\n\n\n<figure class=\"wp-block-image\"><img decoding=\"async\" data-src=\"https:\/\/s2.glbimg.com\/4w1_CmdrOc21TfljFZelLy9u85A=\/0x0:1600x899\/984x0\/smart\/filters:strip_icc()\/i.s3.glbimg.com\/v1\/AUTH_59edd422c0c84a879bd37670ae4f538a\/internal_photos\/bs\/2018\/h\/T\/RJdQxISZevUDdw2U1j4A\/assentamento-dom-jose-maria-pires-alhandra-pb.jpeg\" alt=\"Assentamento Dom Jos\u00e9 Maria Pires fica localizado em fazenda na cidade de Alhandra  \u2014 Foto: L\u00eddia Veloso\/Arquivo Pessoal \" src=\"data:image\/svg+xml;base64,PHN2ZyB3aWR0aD0iMSIgaGVpZ2h0PSIxIiB4bWxucz0iaHR0cDovL3d3dy53My5vcmcvMjAwMC9zdmciPjwvc3ZnPg==\" class=\"lazyload\" \/><\/figure>\n\n\n\n<p>Assentamento Dom Jos\u00e9 Maria Pires fica localizado em fazenda na cidade de Alhandra \u2014 Foto: L\u00eddia Veloso\/Arquivo Pessoal<\/p>\n\n\n\n<h2 class=\"wp-block-heading\"><a href=\"https:\/\/g1.globo.com\/pb\/paraiba\/noticia\/2018\/12\/09\/dois-integrantes-do-mst-na-pb-sao-mortos-a-tiros-por-encapuzados-em-assentamento-diz-pm.ghtml\">Entenda o duplo homic\u00eddio<\/a><\/h2>\n\n\n\n<p>Conforme nota oficial divulgada pelo MST-PB, o<a href=\"https:\/\/g1.globo.com\/pb\/paraiba\/noticia\/2018\/12\/09\/dois-integrantes-do-mst-na-pb-sao-mortos-a-tiros-por-encapuzados-em-assentamento-diz-pm.ghtml\">&nbsp;crime ocorreu por volta da 19h30 no acampamento que fica na fazenda Igarapu<\/a>, ocupada pelas fam\u00edlias desde julho de 2017. Jos\u00e9 Bernardo da Silva e Rodrigo Celestino estavam jantando no momento em que os homens encapuzados entraram no local atiraram v\u00e1rias vezes.<\/p>\n\n\n\n<p>O major M. Lima explicou que segundo as testemunhas do crime, os homens tinham camisas amarradas na cabe\u00e7a e estavam pelo menos com duas armas de calibres diferentes.<\/p>\n\n\n\n<p>\u201cAs armas usadas n\u00e3o eram autom\u00e1ticas ou semiautom\u00e1ticas, provavelmente, de acordo com as c\u00e1psulas encontradas no local, usaram uma espingarda, calibre 12 ou 26, e um rev\u00f3lver calibre 38\u201d, relatou o comandante da Pol\u00edcia Militar de Alhandra.<\/p>\n\n\n\n<p>A delegada do caso, L\u00eddia Veloso, relatou que o crime \u00e9 tratado, a princ\u00edpio, como execu\u00e7\u00e3o, porque os atiradores mandaram as outras pessoas se afastarem e atiraram somente nas duas v\u00edtimas. &#8220;Falaram que queriam s\u00f3 eles, mandaram os outros sa\u00edrem do meio, renderam e atiraram. Por isso trabalhamos com execu\u00e7\u00e3o&#8221;, explicou. L\u00eddia Veloso tamb\u00e9m comentou que as motiva\u00e7\u00f5es do crime seguem em investiga\u00e7\u00e3o, mas adiantou que n\u00e3o se tratou de briga de bar.<\/p>\n\n\n\n<figure><iframe width=\"970\" height=\"150\"><\/iframe><\/figure>\n\n\n\n<p>&#8220;Ainda n\u00e3o sabemos realmente o que motivou os executores. Eles moravam no acampamento, que \u00e9 uma \u00e1rea invadida. Temos v\u00e1rias linhas de investiga\u00e7\u00e3o, mas at\u00e9 o momento, nenhuma confirmada&#8221;, avaliou a delegada.<\/p>\n\n\n\n<p>A Pol\u00edcia Militar informou que n\u00e3o foi poss\u00edvel determinar a quantidade de tiros que feriram e levaram \u00e0 morte os dois integrantes do MST. A delegada L\u00eddia Veloso relatou que em pelo menos uma das v\u00edtimas foram tr\u00eas disparos.<\/p>\n\n\n\n<p><\/p>\n\n\n\n<p>G1<\/p>\n","protected":false},"excerpt":{"rendered":"<p>O \u00faltimo suspeito do&nbsp;duplo assassinato de integrantes do Movimento dos Trabalhadores Sem Terra na Para\u00edba (MST-PB), em dezembro de 2018, foi preso nesta ter\u00e7a-feira (21),&hellip; <\/p>\n","protected":false},"author":1,"featured_media":95986,"comment_status":"closed","ping_status":"closed","sticky":false,"template":"","format":"standard","meta":{"sfsi_plus_gutenberg_text_before_share":"","sfsi_plus_gutenberg_show_text_before_share":"","sfsi_plus_gutenberg_icon_type":"","sfsi_plus_gutenberg_icon_alignemt":"","sfsi_plus_gutenburg_max_per_row":"","footnotes":""},"categories":[12],"tags":[],"class_list":["post-95983","post","type-post","status-publish","format-standard","has-post-thumbnail","hentry","category-policia"],"_links":{"self":[{"href":"https:\/\/www.caririemacao.com\/1\/wp-json\/wp\/v2\/posts\/95983","targetHints":{"allow":["GET"]}}],"collection":[{"href":"https:\/\/www.caririemacao.com\/1\/wp-json\/wp\/v2\/posts"}],"about":[{"href":"https:\/\/www.caririemacao.com\/1\/wp-json\/wp\/v2\/types\/post"}],"author":[{"embeddable":true,"href":"https:\/\/www.caririemacao.com\/1\/wp-json\/wp\/v2\/users\/1"}],"replies":[{"embeddable":true,"href":"https:\/\/www.caririemacao.com\/1\/wp-json\/wp\/v2\/comments?post=95983"}],"version-history":[{"count":1,"href":"https:\/\/www.caririemacao.com\/1\/wp-json\/wp\/v2\/posts\/95983\/revisions"}],"predecessor-version":[{"id":95987,"href":"https:\/\/www.caririemacao.com\/1\/wp-json\/wp\/v2\/posts\/95983\/revisions\/95987"}],"wp:featuredmedia":[{"embeddable":true,"href":"https:\/\/www.caririemacao.com\/1\/wp-json\/wp\/v2\/media\/95986"}],"wp:attachment":[{"href":"https:\/\/www.caririemacao.com\/1\/wp-json\/wp\/v2\/media?parent=95983"}],"wp:term":[{"taxonomy":"category","embeddable":true,"href":"https:\/\/www.caririemacao.com\/1\/wp-json\/wp\/v2\/categories?post=95983"},{"taxonomy":"post_tag","embeddable":true,"href":"https:\/\/www.caririemacao.com\/1\/wp-json\/wp\/v2\/tags?post=95983"}],"curies":[{"name":"wp","href":"https:\/\/api.w.org\/{rel}","templated":true}]}}