{"id":95992,"date":"2019-05-22T08:21:54","date_gmt":"2019-05-22T11:21:54","guid":{"rendered":"http:\/\/www.caririemacao.com\/1\/?p=95992"},"modified":"2019-05-22T08:21:54","modified_gmt":"2019-05-22T11:21:54","slug":"paraiba-de-gurjao-e-destaque-em-revista-fotografica-que-conta-a-historia-de-equipes-de-futebol-do-cariri","status":"publish","type":"post","link":"https:\/\/www.caririemacao.com\/1\/2019\/05\/22\/paraiba-de-gurjao-e-destaque-em-revista-fotografica-que-conta-a-historia-de-equipes-de-futebol-do-cariri\/","title":{"rendered":"Para\u00edba de Gurj\u00e3o \u00e9 destaque em revista fotogr\u00e1fica que conta a hist\u00f3ria de equipes de futebol do Cariri"},"content":{"rendered":"\n<p>A equipe do Para\u00edba Esporte Clube (PEC) conhecida por todos por Para\u00edba de Gurj\u00e3o pertencente ao munic\u00edpio de Gurj\u00e3o, localizada no Cariri da Para\u00edba, foi uma das equipes destacadas na revista fotogr\u00e1fica \u201cConhecendo o Cariri \u2013 Times de Futebol\u201d, que foi lan\u00e7ada no \u00faltimo domingo na cidade de Boa Vista -PB.<\/p>\n\n\n\n<div class=\"wp-block-image\"><figure class=\"aligncenter\"><img decoding=\"async\" data-src=\"http:\/\/caririesporte.com\/wp-content\/uploads\/2019\/05\/paraiba-g.jpg\" alt=\"\" class=\"wp-image-330 lazyload\" src=\"data:image\/svg+xml;base64,PHN2ZyB3aWR0aD0iMSIgaGVpZ2h0PSIxIiB4bWxucz0iaHR0cDovL3d3dy53My5vcmcvMjAwMC9zdmciPjwvc3ZnPg==\" \/><\/figure><\/div>\n\n\n\n<p>A revista fotogr\u00e1fica contou a hist\u00f3ria de 46 times de futebol amador que na \u00e9poca formavam a antiga regi\u00e3o do Cariri paraibano.&nbsp; 230 fotografias de equipes de futebol de 46 munic\u00edpios foram descritos e mais de 2500 pessoas citadas nos textos de escala\u00e7\u00f5es.<\/p>\n\n\n\n<p>Fundado em 20 de janeiro de 1986 pelos desportistas Boanerges J\u00fanior, Z\u00e9 Timbal, Ant\u00f4nio Pequeno e Branco, atualmente a equipe do Para\u00edba de Gurj\u00e3o \u00e9 comandada por Boanerges j\u00fanior, que vem fazendo um grande trabalho e levando a grandeza e a hist\u00f3ria da agremia\u00e7\u00e3o aos \u201cquatros cantos\u201d da regi\u00e3o e do estado.<\/p>\n\n\n\n<p>O Para\u00edba de Gurj\u00e3o \u00e9 uma das tradicionais equipes esportivas do estado da Para\u00edba. A equipe coleciona grandes t\u00edtulos, \u00e0 exemplo da Copa Cariri Ocidental 1997, da Copa Sociedade em 1999 e o Bi-campeonato municipal.<\/p>\n\n\n\n<p>EM 2018 a equipe gurj\u00e3oense representou a regi\u00e3o do Cariri na Copa Itarar\u00e9 de Futebol de Pelada, considerada uma das maiores competi\u00e7\u00f5es de futebol amador da Para\u00edba e acabou fazendo uma bela campanha, sendo o terceiro colocado na competi\u00e7\u00e3o.<\/p>\n\n\n\n<p>O Para\u00edba Esporte Clube (PEC) est\u00e1 sempre presente e se destacando em participa\u00e7\u00f5es em grandes competi\u00e7\u00f5es regionais, tanto na modalidade do futebol de campo, tanto tamb\u00e9m no futsal.<\/p>\n\n\n\n<p><strong>Cariri Esporte<\/strong><\/p>\n","protected":false},"excerpt":{"rendered":"<p>A equipe do Para\u00edba Esporte Clube (PEC) conhecida por todos por Para\u00edba de Gurj\u00e3o pertencente ao munic\u00edpio de Gurj\u00e3o, localizada no Cariri da Para\u00edba, foi&hellip; <\/p>\n","protected":false},"author":1,"featured_media":95993,"comment_status":"closed","ping_status":"closed","sticky":false,"template":"","format":"standard","meta":{"sfsi_plus_gutenberg_text_before_share":"","sfsi_plus_gutenberg_show_text_before_share":"","sfsi_plus_gutenberg_icon_type":"","sfsi_plus_gutenberg_icon_alignemt":"","sfsi_plus_gutenburg_max_per_row":"","footnotes":""},"categories":[13],"tags":[],"class_list":["post-95992","post","type-post","status-publish","format-standard","has-post-thumbnail","hentry","category-esportes"],"_links":{"self":[{"href":"https:\/\/www.caririemacao.com\/1\/wp-json\/wp\/v2\/posts\/95992","targetHints":{"allow":["GET"]}}],"collection":[{"href":"https:\/\/www.caririemacao.com\/1\/wp-json\/wp\/v2\/posts"}],"about":[{"href":"https:\/\/www.caririemacao.com\/1\/wp-json\/wp\/v2\/types\/post"}],"author":[{"embeddable":true,"href":"https:\/\/www.caririemacao.com\/1\/wp-json\/wp\/v2\/users\/1"}],"replies":[{"embeddable":true,"href":"https:\/\/www.caririemacao.com\/1\/wp-json\/wp\/v2\/comments?post=95992"}],"version-history":[{"count":1,"href":"https:\/\/www.caririemacao.com\/1\/wp-json\/wp\/v2\/posts\/95992\/revisions"}],"predecessor-version":[{"id":95994,"href":"https:\/\/www.caririemacao.com\/1\/wp-json\/wp\/v2\/posts\/95992\/revisions\/95994"}],"wp:featuredmedia":[{"embeddable":true,"href":"https:\/\/www.caririemacao.com\/1\/wp-json\/wp\/v2\/media\/95993"}],"wp:attachment":[{"href":"https:\/\/www.caririemacao.com\/1\/wp-json\/wp\/v2\/media?parent=95992"}],"wp:term":[{"taxonomy":"category","embeddable":true,"href":"https:\/\/www.caririemacao.com\/1\/wp-json\/wp\/v2\/categories?post=95992"},{"taxonomy":"post_tag","embeddable":true,"href":"https:\/\/www.caririemacao.com\/1\/wp-json\/wp\/v2\/tags?post=95992"}],"curies":[{"name":"wp","href":"https:\/\/api.w.org\/{rel}","templated":true}]}}