{"id":96001,"date":"2019-05-22T09:03:35","date_gmt":"2019-05-22T12:03:35","guid":{"rendered":"http:\/\/www.caririemacao.com\/1\/?p=96001"},"modified":"2019-05-22T09:03:35","modified_gmt":"2019-05-22T12:03:35","slug":"a-maior-manifestacao-da-educacao-da-historia-brasileira","status":"publish","type":"post","link":"https:\/\/www.caririemacao.com\/1\/2019\/05\/22\/a-maior-manifestacao-da-educacao-da-historia-brasileira\/","title":{"rendered":"A maior manifesta\u00e7\u00e3o da educa\u00e7\u00e3o da hist\u00f3ria brasileira"},"content":{"rendered":"\n<p>15 de maio de 2019 inscreveu-se gloriosamente na hist\u00f3ria da educa\u00e7\u00e3o no pa\u00eds. Paulo Freire, patrono da educa\u00e7\u00e3o brasileira, piscou e sorria confiante atrav\u00e9s de um cartaz na traseira de um caminh\u00e3o de som na Av. Paulista em S\u00e3o Paulo de sol e garoa.<\/p>\n\n\n\n<p>Nas ruas, a emo\u00e7\u00e3o e a esperan\u00e7a tomaram conta de 222 cidades com mais de 2 milh\u00f5es de manifestantes ocupando seus lugares centrais.<\/p>\n\n\n\n<p>S\u00e3o Paulo 300 mil, Belo Horizonte 250 mil, Rio de Janeiro e Recife 150 mil, Fortaleza 100 mil, Bras\u00edlia e Salvador 50 mil participantes&#8230;brilharam com os estudantes, crescidos no s\u00e9culo 21, os professores, pais e av\u00f4s conscientes alegrando e animando com sua indigna\u00e7\u00e3o e leveza a alma do povo brasileiro.<\/p>\n\n\n\n<p>Ao caminhar com os p\u00e9s livres e olhos bem abertos durante 4 horas na Paulista, lembrei de muitos guerreiros e educadores que tinham lutado e nos legaram conquistas essenciais na educa\u00e7\u00e3o. A longa batalha da escola e da universidade p\u00fablicas e gratuitas. A democratiza\u00e7\u00e3o do acesso a elas na Constitui\u00e7\u00e3o Federal, a Lei de Diretrizes e Bases, os avan\u00e7os ainda t\u00edmidos contra as discrimina\u00e7\u00f5es de cor no ensino superior. A amplia\u00e7\u00e3o das bolsas de estudo dentro e fora do pa\u00eds que est\u00e1 bloqueada hoje, a educa\u00e7\u00e3o continuada dos profissionais universit\u00e1rios que ainda est\u00e1 t\u00edmida e \u00f3rf\u00e3.<\/p>\n\n\n\n<p>Um fio invis\u00edvel nos uniu e conduziu ligados a este passado de lutas em todas estas marchas. \u00c9 a for\u00e7a da mem\u00f3ria e da hist\u00f3ria.<\/p>\n\n\n\n<p>O que o MEC, seu ministro e o presidente mexeram foram com mais de 70 milh\u00f5es de estudantes de todos os n\u00edveis. Um ter\u00e7o da popula\u00e7\u00e3o brasileira estuda. A China tem 30%, os EUA 25%, o Brasil 33%. &nbsp;Al\u00e9m dos 2 milh\u00f5es de professores. Foi uma representa\u00e7\u00e3o significativa e mais mobilizada deste gigantesco oceano que compreendeu o drama vivido e foi \u00e0s ruas explicar a todos que os cortes e os contingenciamentos para a educa\u00e7\u00e3o t\u00eam que recuar.<\/p>\n\n\n\n<p>\u00c9 uma quest\u00e3o que afeta a batalha do desenvolvimento soberano, da CT&amp;I e da cultura. Afeta a ind\u00fastria, a agricultura, o com\u00e9rcio e os servi\u00e7os. O corte de 30% na educa\u00e7\u00e3o aprofunda a recess\u00e3o e o desemprego. A retirada de 42% do Minist\u00e9rio da CT&amp;I ceifa nosso presente. Era sobre isto que o dia 15 de maio aflorou e se imp\u00f4s. Teve o apoio do movimento sindical, da comunidade cient\u00edfica e tecnol\u00f3gica, a simpatia da popula\u00e7\u00e3o em geral e parte da m\u00eddia. Destaco o alto grau de unidade do movimento pac\u00edfico e de suas entidades.<\/p>\n\n\n\n<p>A participa\u00e7\u00e3o vigorosa da CNTE (Confedera\u00e7\u00e3o Nacional dos Trabalhadores em Educa\u00e7\u00e3o) e dos seus sindicatos, das entidades estaduais e municipais do professorado, da UNE, UBES, UMES, dos DCEs e dos centros acad\u00eamicos estudantis garantiram um grande leito para que os rios humanos pudessem constituir esta for\u00e7a impactante no cen\u00e1rio pol\u00edtico. A solidariedade e apoio da CNTU (Confedera\u00e7\u00e3o Nacional dos Trabalhadores Liberais Universit\u00e1rios) e suas entidades de engenheiros, economistas, farmac\u00eauticos, odont\u00f3logos, nutricionistas filiadas (vide sua precisa nota pol\u00edtica divulgada em&nbsp;<em><a href=\"http:\/\/www.cntu.org.br\/\" target=\"_blank\" rel=\"noreferrer noopener\">www.cntu.org.br<\/a><\/em>), dos petroleiros, dos banc\u00e1rios, de v\u00e1rias outras categorias importantes, movimentos sociais e das centrais sindicais constitu\u00edram uma alian\u00e7a social nova.<\/p>\n\n\n\n<p>Isto influir\u00e1 nos desdobramentos da greve geral programada para 14 de junho contra o projeto que tramita no Congresso Nacional sobre o fim da aposentadoria p\u00fablica da Previd\u00eancia Social.<\/p>\n\n\n\n<p>As jornadas de 15 de maio foram a express\u00e3o do in\u00edcio do descolamento das camadas m\u00e9dias das manifesta\u00e7\u00f5es de junho de 2013 e de mar\u00e7o de 2015.O bolsonarismo nas camadas m\u00e9dias foi gravemente ferido e perdem for\u00e7a os fantasmas e as&nbsp;<em>fake news<\/em>&nbsp;fabricados na campanha eleitoral. Mexeu-se na educa\u00e7\u00e3o e, portanto, na vida das fam\u00edlias brasileiras. Isto n\u00e3o \u00e9 pouco. A roda da hist\u00f3ria se moveu.<\/p>\n\n\n\n<p>*Allen Habert, \u00e9 engenheiro de produ\u00e7\u00e3o e mestre pela EPUSP. Foi membro do Conselho Universit\u00e1rio da Unicamp e presidente do SEESP &#8211; Sindicato dos Engenheiros do ESP. \u00c9 atualmente diretor de articula\u00e7\u00e3o nacional da CNTU \u2013 Confedera\u00e7\u00e3o Nacional dos Trabalhadores Liberais Universit\u00e1rios e do SEESP.<br><\/p>\n","protected":false},"excerpt":{"rendered":"<p>15 de maio de 2019 inscreveu-se gloriosamente na hist\u00f3ria da educa\u00e7\u00e3o no pa\u00eds. Paulo Freire, patrono da educa\u00e7\u00e3o brasileira, piscou e sorria confiante atrav\u00e9s de&hellip; <\/p>\n","protected":false},"author":1,"featured_media":96002,"comment_status":"closed","ping_status":"closed","sticky":false,"template":"","format":"standard","meta":{"sfsi_plus_gutenberg_text_before_share":"","sfsi_plus_gutenberg_show_text_before_share":"","sfsi_plus_gutenberg_icon_type":"","sfsi_plus_gutenberg_icon_alignemt":"","sfsi_plus_gutenburg_max_per_row":"","footnotes":""},"categories":[50,14],"tags":[],"class_list":["post-96001","post","type-post","status-publish","format-standard","has-post-thumbnail","hentry","category-destaque","category-educacao"],"_links":{"self":[{"href":"https:\/\/www.caririemacao.com\/1\/wp-json\/wp\/v2\/posts\/96001","targetHints":{"allow":["GET"]}}],"collection":[{"href":"https:\/\/www.caririemacao.com\/1\/wp-json\/wp\/v2\/posts"}],"about":[{"href":"https:\/\/www.caririemacao.com\/1\/wp-json\/wp\/v2\/types\/post"}],"author":[{"embeddable":true,"href":"https:\/\/www.caririemacao.com\/1\/wp-json\/wp\/v2\/users\/1"}],"replies":[{"embeddable":true,"href":"https:\/\/www.caririemacao.com\/1\/wp-json\/wp\/v2\/comments?post=96001"}],"version-history":[{"count":1,"href":"https:\/\/www.caririemacao.com\/1\/wp-json\/wp\/v2\/posts\/96001\/revisions"}],"predecessor-version":[{"id":96003,"href":"https:\/\/www.caririemacao.com\/1\/wp-json\/wp\/v2\/posts\/96001\/revisions\/96003"}],"wp:featuredmedia":[{"embeddable":true,"href":"https:\/\/www.caririemacao.com\/1\/wp-json\/wp\/v2\/media\/96002"}],"wp:attachment":[{"href":"https:\/\/www.caririemacao.com\/1\/wp-json\/wp\/v2\/media?parent=96001"}],"wp:term":[{"taxonomy":"category","embeddable":true,"href":"https:\/\/www.caririemacao.com\/1\/wp-json\/wp\/v2\/categories?post=96001"},{"taxonomy":"post_tag","embeddable":true,"href":"https:\/\/www.caririemacao.com\/1\/wp-json\/wp\/v2\/tags?post=96001"}],"curies":[{"name":"wp","href":"https:\/\/api.w.org\/{rel}","templated":true}]}}