{"id":96007,"date":"2019-05-22T09:21:41","date_gmt":"2019-05-22T12:21:41","guid":{"rendered":"http:\/\/www.caririemacao.com\/1\/?p=96007"},"modified":"2019-05-22T09:21:41","modified_gmt":"2019-05-22T12:21:41","slug":"ldo-para-2020-e-apresentada-na-camara-municipal-de-caraubas","status":"publish","type":"post","link":"https:\/\/www.caririemacao.com\/1\/2019\/05\/22\/ldo-para-2020-e-apresentada-na-camara-municipal-de-caraubas\/","title":{"rendered":"LDO para 2020 \u00e9 apresentada na C\u00e2mara Municipal de Cara\u00fabas"},"content":{"rendered":"\n<p>Em reuni\u00e3o realizada pela C\u00e2mara de Vereadores de Cara\u00fabas,\nna noite desta ter\u00e7a-feira, dia 21, o presidente do Legislativo Municipal, Jos\u00e9\nFranconero, comunicou aos vereadores o recebimento do projeto de Lei de\nDiretrizes Or\u00e7ament\u00e1rias (LDO) para o pr\u00f3ximo ano. <\/p>\n\n\n\n<p>O documento determina as metas e prioridades do Poder Executivo Municipal  para 2020, incluindo previs\u00e3o das despesas e receitas.<\/p>\n\n\n\n<p>De acordo com o presidente Nero, a pe\u00e7a or\u00e7ament\u00e1ria ser\u00e1 encaminhada para analise nas comiss\u00f5es da C\u00e2mara Municipal. <\/p>\n","protected":false},"excerpt":{"rendered":"<p>Em reuni\u00e3o realizada pela C\u00e2mara de Vereadores de Cara\u00fabas, na noite desta ter\u00e7a-feira, dia 21, o presidente do Legislativo Municipal, Jos\u00e9 Franconero, comunicou aos vereadores&hellip; <\/p>\n","protected":false},"author":2,"featured_media":96010,"comment_status":"closed","ping_status":"closed","sticky":false,"template":"","format":"standard","meta":{"sfsi_plus_gutenberg_text_before_share":"","sfsi_plus_gutenberg_show_text_before_share":"","sfsi_plus_gutenberg_icon_type":"","sfsi_plus_gutenberg_icon_alignemt":"","sfsi_plus_gutenburg_max_per_row":"","footnotes":""},"categories":[6,50],"tags":[],"class_list":["post-96007","post","type-post","status-publish","format-standard","has-post-thumbnail","hentry","category-cidades","category-destaque"],"_links":{"self":[{"href":"https:\/\/www.caririemacao.com\/1\/wp-json\/wp\/v2\/posts\/96007","targetHints":{"allow":["GET"]}}],"collection":[{"href":"https:\/\/www.caririemacao.com\/1\/wp-json\/wp\/v2\/posts"}],"about":[{"href":"https:\/\/www.caririemacao.com\/1\/wp-json\/wp\/v2\/types\/post"}],"author":[{"embeddable":true,"href":"https:\/\/www.caririemacao.com\/1\/wp-json\/wp\/v2\/users\/2"}],"replies":[{"embeddable":true,"href":"https:\/\/www.caririemacao.com\/1\/wp-json\/wp\/v2\/comments?post=96007"}],"version-history":[{"count":1,"href":"https:\/\/www.caririemacao.com\/1\/wp-json\/wp\/v2\/posts\/96007\/revisions"}],"predecessor-version":[{"id":96011,"href":"https:\/\/www.caririemacao.com\/1\/wp-json\/wp\/v2\/posts\/96007\/revisions\/96011"}],"wp:featuredmedia":[{"embeddable":true,"href":"https:\/\/www.caririemacao.com\/1\/wp-json\/wp\/v2\/media\/96010"}],"wp:attachment":[{"href":"https:\/\/www.caririemacao.com\/1\/wp-json\/wp\/v2\/media?parent=96007"}],"wp:term":[{"taxonomy":"category","embeddable":true,"href":"https:\/\/www.caririemacao.com\/1\/wp-json\/wp\/v2\/categories?post=96007"},{"taxonomy":"post_tag","embeddable":true,"href":"https:\/\/www.caririemacao.com\/1\/wp-json\/wp\/v2\/tags?post=96007"}],"curies":[{"name":"wp","href":"https:\/\/api.w.org\/{rel}","templated":true}]}}