{"id":96009,"date":"2019-05-22T09:24:10","date_gmt":"2019-05-22T12:24:10","guid":{"rendered":"http:\/\/www.caririemacao.com\/1\/?p=96009"},"modified":"2019-05-22T09:24:10","modified_gmt":"2019-05-22T12:24:10","slug":"dermatologistas-querem-que-mpf-atue-contra-atendimentos-irregulares","status":"publish","type":"post","link":"https:\/\/www.caririemacao.com\/1\/2019\/05\/22\/dermatologistas-querem-que-mpf-atue-contra-atendimentos-irregulares\/","title":{"rendered":"Dermatologistas querem que MPF atue contra atendimentos irregulares"},"content":{"rendered":"\n<p>A Sociedade Brasileira de Dermatologia (SBD) quer maior envolvimento do Minist\u00e9rio P\u00fablico Federal (MPF) no combate a atendimentos irregulares e interven\u00e7\u00f5es est\u00e9ticas feitas por n\u00e3o especialistas. A entidade protocolou documento em que informa sobre 833 queixas recebidas entre 2017 e 2019.<\/p>\n\n\n\n<p>A expectativa da SBD \u00e9 que o Minist\u00e9rio P\u00fablico tome conhecimento da extens\u00e3o dos problemas, interfira e acione a Justi\u00e7a. \u201cO MP j\u00e1 trabalha conosco, j\u00e1 acatou algumas den\u00fancias. O \u00f3rg\u00e3o tem a fun\u00e7\u00e3o de zelar pela sa\u00fade, assim como a vigil\u00e2ncia sanit\u00e1ria\u201d, afirmou o presidente da institui\u00e7\u00e3o, S\u00e9rgio Palma.<\/p>\n\n\n\n<p><strong>Duque de Caxias<\/strong><\/p>\n\n\n\n<p>No fim&nbsp;de dezembro&nbsp;do ano passado, a assistente social Viviane Silva (nome trocado a pedido da fonte), de 29 anos, comemorava a perda de 23 quilos. Ela, no entanto, avaliou que ainda era necess\u00e1rio perder gordura localizada na barriga e contratou um servi\u00e7o de esteticista em Duque de Caxias (Baixada Fluminense), que viu anunciado em seu pr\u00f3prio perfil numa rede social.<\/p>\n\n\n\n<p>Viviane pretendia contratar um pacote com massagem modeladora, lipocavita\u00e7\u00e3o (com aparelho ultrassom), manta t\u00e9rmica e plataforma vibrat\u00f3ria. A esteticista tamb\u00e9m ofereceu a aplica\u00e7\u00e3o de enzimas, por meio de inje\u00e7\u00e3o na barriga de lipossoma de girassol (vendidas pela internet), em dez sess\u00f5es. Ap\u00f3s a&nbsp;quartaaplica\u00e7\u00e3o, a assistente social passou a sentir dores e exibir manchas na pele.<\/p>\n\n\n\n<p>Ela contou que, em fevereiro, procurou atendimento m\u00e9dico, que verificou infec\u00e7\u00e3o e processo inflamat\u00f3rio. \u201cA barriga chegou a ficar preta\u201d, lembra, acrescentando que&nbsp;hoje&nbsp;tem abscesso no abd\u00f4men, que tem que ser drenado periodicamente.<\/p>\n\n\n\n<p>Ap\u00f3s de se consultar com diversos m\u00e9dicos de diferentes especialidades, das redes p\u00fablica e privada, Viviane come\u00e7ou a ser atendida no Instituto de Dermatologia do Hospital Geral de Bonsucesso (zona norte do Rio), onde come\u00e7ou a sentir melhoras. O seu caso foi denunciado \u00e0 Sociedade Brasileira de Dermatologia (SBD) e o m\u00e9dico a orientou a processar a esteticista.<\/p>\n\n\n\n<p><strong>Lei do Ato M\u00e9dico<\/strong><\/p>\n\n\n\n<p>Hist\u00f3rias como a de Viviane Silva t\u00eam sido cada vez mais comuns nos consult\u00f3rios de dermatologistas, segundo S\u00e9rgio Palma. \u201cTemos observado a chegada crescente de pacientes em situa\u00e7\u00e3o semelhante\u201d. De acordo com o m\u00e9dico, quem quer fazer procedimento est\u00e9tico invasivo deve procurar um m\u00e9dico especializado, como prev\u00ea a&nbsp;<a href=\"http:\/\/http\/\/www.planalto.gov.br\/ccivil_03\/_ato2011-2014\/2013\/lei\/l12842.htm\" target=\"_blank\" rel=\"noreferrer noopener\">Lei do Ato M\u00e9dico<\/a>.<\/p>\n\n\n\n<p>Palma recomenda que as pessoas interessadas em procedimento est\u00e9tico invasivo procurem especialistas no&nbsp;<a href=\"http:\/\/portal.cfm.org.br\/\" target=\"_blank\" rel=\"noreferrer noopener\">Portal do M\u00e9dico<\/a>&nbsp;e no&nbsp;<a href=\"http:\/\/www.sbd.org.br\/\" target=\"_blank\" rel=\"noreferrer noopener\"><em>site<\/em>&nbsp;da SBD<\/a>. O paciente deve observar o n\u00famero de registro no Conselho Regional de Medicina (CRM) e o respectivo Registro de Qualifica\u00e7\u00e3o de Especialista (RQE), que certifica a resid\u00eancia m\u00e9dica, no caso de dermatologia.<\/p>\n","protected":false},"excerpt":{"rendered":"<p>A Sociedade Brasileira de Dermatologia (SBD) quer maior envolvimento do Minist\u00e9rio P\u00fablico Federal (MPF) no combate a atendimentos irregulares e interven\u00e7\u00f5es est\u00e9ticas feitas por n\u00e3o&hellip; <\/p>\n","protected":false},"author":1,"featured_media":72246,"comment_status":"closed","ping_status":"closed","sticky":false,"template":"","format":"standard","meta":{"sfsi_plus_gutenberg_text_before_share":"","sfsi_plus_gutenberg_show_text_before_share":"","sfsi_plus_gutenberg_icon_type":"","sfsi_plus_gutenberg_icon_alignemt":"","sfsi_plus_gutenburg_max_per_row":"","footnotes":""},"categories":[16],"tags":[],"class_list":["post-96009","post","type-post","status-publish","format-standard","has-post-thumbnail","hentry","category-saude"],"_links":{"self":[{"href":"https:\/\/www.caririemacao.com\/1\/wp-json\/wp\/v2\/posts\/96009","targetHints":{"allow":["GET"]}}],"collection":[{"href":"https:\/\/www.caririemacao.com\/1\/wp-json\/wp\/v2\/posts"}],"about":[{"href":"https:\/\/www.caririemacao.com\/1\/wp-json\/wp\/v2\/types\/post"}],"author":[{"embeddable":true,"href":"https:\/\/www.caririemacao.com\/1\/wp-json\/wp\/v2\/users\/1"}],"replies":[{"embeddable":true,"href":"https:\/\/www.caririemacao.com\/1\/wp-json\/wp\/v2\/comments?post=96009"}],"version-history":[{"count":1,"href":"https:\/\/www.caririemacao.com\/1\/wp-json\/wp\/v2\/posts\/96009\/revisions"}],"predecessor-version":[{"id":96012,"href":"https:\/\/www.caririemacao.com\/1\/wp-json\/wp\/v2\/posts\/96009\/revisions\/96012"}],"wp:featuredmedia":[{"embeddable":true,"href":"https:\/\/www.caririemacao.com\/1\/wp-json\/wp\/v2\/media\/72246"}],"wp:attachment":[{"href":"https:\/\/www.caririemacao.com\/1\/wp-json\/wp\/v2\/media?parent=96009"}],"wp:term":[{"taxonomy":"category","embeddable":true,"href":"https:\/\/www.caririemacao.com\/1\/wp-json\/wp\/v2\/categories?post=96009"},{"taxonomy":"post_tag","embeddable":true,"href":"https:\/\/www.caririemacao.com\/1\/wp-json\/wp\/v2\/tags?post=96009"}],"curies":[{"name":"wp","href":"https:\/\/api.w.org\/{rel}","templated":true}]}}