{"id":96013,"date":"2019-05-22T09:31:59","date_gmt":"2019-05-22T12:31:59","guid":{"rendered":"http:\/\/www.caririemacao.com\/1\/?p=96013"},"modified":"2019-05-22T09:31:59","modified_gmt":"2019-05-22T12:31:59","slug":"jovem-e-preso-apos-invadir-e-furtar-objetos-em-residencia-na-cidade-de-sume","status":"publish","type":"post","link":"https:\/\/www.caririemacao.com\/1\/2019\/05\/22\/jovem-e-preso-apos-invadir-e-furtar-objetos-em-residencia-na-cidade-de-sume\/","title":{"rendered":"Jovem \u00e9 preso ap\u00f3s invadir e furtar objetos em resid\u00eancia na cidade de Sum\u00e9"},"content":{"rendered":"\n<p>Um jovem foi preso acusado de invadir e furtar objetos de uma resid\u00eancia na cidade de Sum\u00e9, cariri paraibano. A pris\u00e3o ocorreu na tarde da \u00faltima segunda-feira (20), mas a pris\u00e3o s\u00f3 foi levada ao conhecimento da imprensa da regi\u00e3o nesta ter\u00e7a-feira(21).<\/p>\n\n\n\n<p>Wesley Silva Nascimento, de 19 anos, foi preso em flagrante delito por policiais civis da Delegacia de Sum\u00e9. Com ele, os investigadores encontraram parte dos objetos e aparelhos furtados da resid\u00eancia.<\/p>\n\n\n\n<p>Segundo o delegado Cristiano Santana, o meliante e seu comparsa que j\u00e1 foi identificado pela pol\u00edcia, conseguiram escalar o muro da resid\u00eancia e ter acesso ao interior do im\u00f3vel. Eles ainda quebraram um port\u00e3o e furtaram v\u00e1rios objetos, entre computadores, bolsas e perfumes de conhecidas marcas.<\/p>\n\n\n\n<p>\u201cAssim que os policiais civis foram informados do ocorrido, come\u00e7aram a fazer dilig\u00eancias e conseguiram prender o suspeito ainda de posse dos bens furtados\u201d, afirmou o delegado. Wesley foi autuado por crime de furto qualificado e ficar\u00e1 \u00e0 disposi\u00e7\u00e3o da justi\u00e7a.<br><\/p>\n","protected":false},"excerpt":{"rendered":"<p>Um jovem foi preso acusado de invadir e furtar objetos de uma resid\u00eancia na cidade de Sum\u00e9, cariri paraibano. A pris\u00e3o ocorreu na tarde da&hellip; <\/p>\n","protected":false},"author":1,"featured_media":88728,"comment_status":"closed","ping_status":"closed","sticky":false,"template":"","format":"standard","meta":{"sfsi_plus_gutenberg_text_before_share":"","sfsi_plus_gutenberg_show_text_before_share":"","sfsi_plus_gutenberg_icon_type":"","sfsi_plus_gutenberg_icon_alignemt":"","sfsi_plus_gutenburg_max_per_row":"","footnotes":""},"categories":[50,12],"tags":[],"class_list":["post-96013","post","type-post","status-publish","format-standard","has-post-thumbnail","hentry","category-destaque","category-policia"],"_links":{"self":[{"href":"https:\/\/www.caririemacao.com\/1\/wp-json\/wp\/v2\/posts\/96013","targetHints":{"allow":["GET"]}}],"collection":[{"href":"https:\/\/www.caririemacao.com\/1\/wp-json\/wp\/v2\/posts"}],"about":[{"href":"https:\/\/www.caririemacao.com\/1\/wp-json\/wp\/v2\/types\/post"}],"author":[{"embeddable":true,"href":"https:\/\/www.caririemacao.com\/1\/wp-json\/wp\/v2\/users\/1"}],"replies":[{"embeddable":true,"href":"https:\/\/www.caririemacao.com\/1\/wp-json\/wp\/v2\/comments?post=96013"}],"version-history":[{"count":1,"href":"https:\/\/www.caririemacao.com\/1\/wp-json\/wp\/v2\/posts\/96013\/revisions"}],"predecessor-version":[{"id":96014,"href":"https:\/\/www.caririemacao.com\/1\/wp-json\/wp\/v2\/posts\/96013\/revisions\/96014"}],"wp:featuredmedia":[{"embeddable":true,"href":"https:\/\/www.caririemacao.com\/1\/wp-json\/wp\/v2\/media\/88728"}],"wp:attachment":[{"href":"https:\/\/www.caririemacao.com\/1\/wp-json\/wp\/v2\/media?parent=96013"}],"wp:term":[{"taxonomy":"category","embeddable":true,"href":"https:\/\/www.caririemacao.com\/1\/wp-json\/wp\/v2\/categories?post=96013"},{"taxonomy":"post_tag","embeddable":true,"href":"https:\/\/www.caririemacao.com\/1\/wp-json\/wp\/v2\/tags?post=96013"}],"curies":[{"name":"wp","href":"https:\/\/api.w.org\/{rel}","templated":true}]}}