{"id":96015,"date":"2019-05-22T09:41:10","date_gmt":"2019-05-22T12:41:10","guid":{"rendered":"http:\/\/www.caririemacao.com\/1\/?p=96015"},"modified":"2019-05-22T09:41:10","modified_gmt":"2019-05-22T12:41:10","slug":"ifpb-de-monteiro-oferece-20-vagas-para-curso-tecnico-em-instrumento-musical","status":"publish","type":"post","link":"https:\/\/www.caririemacao.com\/1\/2019\/05\/22\/ifpb-de-monteiro-oferece-20-vagas-para-curso-tecnico-em-instrumento-musical\/","title":{"rendered":"IFPB de Monteiro oferece 20 vagas para Curso T\u00e9cnico em Instrumento Musical"},"content":{"rendered":"\n<p>Est\u00e3o abertas at\u00e9 sexta-feira (24), as inscri\u00e7\u00f5es para o Processo Seletivo do Curso T\u00e9cnico Presencial em Instrumento Musical, na modalidade Subsequente ao Ensino M\u00e9dio (2019.2). As aulas s\u00e3o ofertadas no per\u00edodo noturno, podendo ter aulas aos s\u00e1bados, conforme disposto no calend\u00e1rio escolar de cada Campus, nos per\u00edodos manh\u00e3 e\/ou tarde. S\u00e3o 20 vagas para o Campus Monteiro do IFPB.<\/p>\n\n\n\n<p>Inscreva-se clicando&nbsp;<a href=\"https:\/\/estudante.ifpb.edu.br\/processoseletivo\/processo\/1\/edicao\/132\/\">AQUI<\/a>.<\/p>\n\n\n\n<p>As vagas s\u00e3o destinadas a candidatos que estejam concluindo ou que j\u00e1 tenham conclu\u00eddo o Ensino M\u00e9dio.<\/p>\n\n\n\n<p>A sele\u00e7\u00e3o ser\u00e1 realizada por meio de an\u00e1lise do desempenho escolar em L\u00edngua Portuguesa ou Portugu\u00eas e Matem\u00e1tica ou disciplinas equivalentes cursadas no 1\u00ba e 2\u00ba ano do Ensino M\u00e9dio, ou equivalente; ou por meio de an\u00e1lise do desempenho de L\u00edngua Portuguesa e Matem\u00e1tica, conforme descritas no documento do Exame Nacional para Certifica\u00e7\u00e3o de Compet\u00eancias de Jovens e Adultos (ENCCEJA) e o Exame Nacional do Ensino M\u00e9dio (ENEM), ou equivalentes.<\/p>\n","protected":false},"excerpt":{"rendered":"<p>Est\u00e3o abertas at\u00e9 sexta-feira (24), as inscri\u00e7\u00f5es para o Processo Seletivo do Curso T\u00e9cnico Presencial em Instrumento Musical, na modalidade Subsequente ao Ensino M\u00e9dio (2019.2).&hellip; <\/p>\n","protected":false},"author":1,"featured_media":12778,"comment_status":"closed","ping_status":"closed","sticky":false,"template":"","format":"standard","meta":{"sfsi_plus_gutenberg_text_before_share":"","sfsi_plus_gutenberg_show_text_before_share":"","sfsi_plus_gutenberg_icon_type":"","sfsi_plus_gutenberg_icon_alignemt":"","sfsi_plus_gutenburg_max_per_row":"","footnotes":""},"categories":[6],"tags":[],"class_list":["post-96015","post","type-post","status-publish","format-standard","has-post-thumbnail","hentry","category-cidades"],"_links":{"self":[{"href":"https:\/\/www.caririemacao.com\/1\/wp-json\/wp\/v2\/posts\/96015","targetHints":{"allow":["GET"]}}],"collection":[{"href":"https:\/\/www.caririemacao.com\/1\/wp-json\/wp\/v2\/posts"}],"about":[{"href":"https:\/\/www.caririemacao.com\/1\/wp-json\/wp\/v2\/types\/post"}],"author":[{"embeddable":true,"href":"https:\/\/www.caririemacao.com\/1\/wp-json\/wp\/v2\/users\/1"}],"replies":[{"embeddable":true,"href":"https:\/\/www.caririemacao.com\/1\/wp-json\/wp\/v2\/comments?post=96015"}],"version-history":[{"count":1,"href":"https:\/\/www.caririemacao.com\/1\/wp-json\/wp\/v2\/posts\/96015\/revisions"}],"predecessor-version":[{"id":96016,"href":"https:\/\/www.caririemacao.com\/1\/wp-json\/wp\/v2\/posts\/96015\/revisions\/96016"}],"wp:featuredmedia":[{"embeddable":true,"href":"https:\/\/www.caririemacao.com\/1\/wp-json\/wp\/v2\/media\/12778"}],"wp:attachment":[{"href":"https:\/\/www.caririemacao.com\/1\/wp-json\/wp\/v2\/media?parent=96015"}],"wp:term":[{"taxonomy":"category","embeddable":true,"href":"https:\/\/www.caririemacao.com\/1\/wp-json\/wp\/v2\/categories?post=96015"},{"taxonomy":"post_tag","embeddable":true,"href":"https:\/\/www.caririemacao.com\/1\/wp-json\/wp\/v2\/tags?post=96015"}],"curies":[{"name":"wp","href":"https:\/\/api.w.org\/{rel}","templated":true}]}}