{"id":96020,"date":"2019-05-22T10:57:41","date_gmt":"2019-05-22T13:57:41","guid":{"rendered":"http:\/\/www.caririemacao.com\/1\/?p=96020"},"modified":"2019-05-22T10:57:41","modified_gmt":"2019-05-22T13:57:41","slug":"camara-de-sume-aprova-demandas-da-populacao","status":"publish","type":"post","link":"https:\/\/www.caririemacao.com\/1\/2019\/05\/22\/camara-de-sume-aprova-demandas-da-populacao\/","title":{"rendered":"C\u00e2mara de Sum\u00e9 aprova demandas da popula\u00e7\u00e3o"},"content":{"rendered":"\n<p>Sob a presid\u00eancia do vereador Le\u00f4nidas Albino \u201cBomba\u201d, a C\u00e2mara Municipal de Sum\u00e9 esteve reunida na noite desta ter\u00e7a-feira, dia 21, para analisar e aprovar demandas da popula\u00e7\u00e3o sumeense.<\/p>\n\n\n\n<figure class=\"wp-block-image\"><img fetchpriority=\"high\" decoding=\"async\" width=\"1024\" height=\"678\" src=\"http:\/\/www.caririemacao.com\/1\/wp-content\/uploads\/2019\/05\/DSC_0074-1024x678.jpg\" alt=\"\" class=\"wp-image-96021\" srcset=\"https:\/\/www.caririemacao.com\/1\/wp-content\/uploads\/2019\/05\/DSC_0074-1024x678.jpg 1024w, https:\/\/www.caririemacao.com\/1\/wp-content\/uploads\/2019\/05\/DSC_0074-300x199.jpg 300w, https:\/\/www.caririemacao.com\/1\/wp-content\/uploads\/2019\/05\/DSC_0074-768x509.jpg 768w\" sizes=\"(max-width: 1024px) 100vw, 1024px\" \/><\/figure>\n\n\n\n<p>J\u00e1 oportunidade, os vereadores aprovaram uma proposta apresentada pelo prefeito \u00c9den Duarte Pinto de Sousa objetivando a abertura de cr\u00e9ditos adicionais, na ordem de 310 mil, sendo 295 mil do governo federal e 15 mil do munic\u00edpio para ser utilizado na reforma e amplia\u00e7\u00e3o do Parque de Exposi\u00e7\u00e3o Jo\u00e3o Albino Pedrosa localizado no bairro do Frei Dami\u00e3o.<\/p>\n\n\n\n<figure class=\"wp-block-image\"><img decoding=\"async\" width=\"1024\" height=\"678\" data-src=\"http:\/\/www.caririemacao.com\/1\/wp-content\/uploads\/2019\/05\/DSC_0082-1024x678.jpg\" alt=\"\" class=\"wp-image-96028 lazyload\" data-srcset=\"https:\/\/www.caririemacao.com\/1\/wp-content\/uploads\/2019\/05\/DSC_0082-1024x678.jpg 1024w, https:\/\/www.caririemacao.com\/1\/wp-content\/uploads\/2019\/05\/DSC_0082-300x199.jpg 300w, https:\/\/www.caririemacao.com\/1\/wp-content\/uploads\/2019\/05\/DSC_0082-768x509.jpg 768w\" data-sizes=\"(max-width: 1024px) 100vw, 1024px\" src=\"data:image\/svg+xml;base64,PHN2ZyB3aWR0aD0iMSIgaGVpZ2h0PSIxIiB4bWxucz0iaHR0cDovL3d3dy53My5vcmcvMjAwMC9zdmciPjwvc3ZnPg==\" style=\"--smush-placeholder-width: 1024px; --smush-placeholder-aspect-ratio: 1024\/678;\" \/><\/figure>\n\n\n\n<p>O vereador Z\u00e9 Ant\u00f4nio apresentou um projeto de lei e um requerimento. No PL, fica denominada de Edmilson Rodrigues de Oliveira, \u201cCreofino\u201d a pra\u00e7a de alimenta\u00e7\u00e3o a ser constru\u00edda ao lado da Pra\u00e7a Jos\u00e9 Am\u00e9rico, na Rua Cel. Sizenando Leite Rafael. J\u00e1 no requerimento o parlamentar solicita a secret\u00e1ria de sa\u00fade que a equipe do Laborat\u00f3rio esteja uma vez por m\u00eas nas Unidades B\u00e1sicas de Sa\u00fade da zona rural.<\/p>\n\n\n\n<figure class=\"wp-block-image\"><img decoding=\"async\" width=\"1024\" height=\"678\" data-src=\"http:\/\/www.caririemacao.com\/1\/wp-content\/uploads\/2019\/05\/DSC_0072-1-1024x678.jpg\" alt=\"\" class=\"wp-image-96033 lazyload\" data-srcset=\"https:\/\/www.caririemacao.com\/1\/wp-content\/uploads\/2019\/05\/DSC_0072-1-1024x678.jpg 1024w, https:\/\/www.caririemacao.com\/1\/wp-content\/uploads\/2019\/05\/DSC_0072-1-300x199.jpg 300w, https:\/\/www.caririemacao.com\/1\/wp-content\/uploads\/2019\/05\/DSC_0072-1-768x509.jpg 768w\" data-sizes=\"(max-width: 1024px) 100vw, 1024px\" src=\"data:image\/svg+xml;base64,PHN2ZyB3aWR0aD0iMSIgaGVpZ2h0PSIxIiB4bWxucz0iaHR0cDovL3d3dy53My5vcmcvMjAwMC9zdmciPjwvc3ZnPg==\" style=\"--smush-placeholder-width: 1024px; --smush-placeholder-aspect-ratio: 1024\/678;\" \/><\/figure>\n\n\n\n<p>O vereador Jos\u00e9 Vanilson (Nilson das Seis Casas) solicitou que requer que o Poder Executivo firme conv\u00eanio com as Associa\u00e7\u00f5es dos agricultores do munic\u00edpio, para constru\u00e7\u00e3o de barreiros e para o armazenamento d\u2019\u00e1gua no sentido de se firmar parcerias, dando-as horas de maquinas que realizasse o objeto apresentado.<\/p>\n\n\n\n<figure class=\"wp-block-image\"><img decoding=\"async\" width=\"1024\" height=\"678\" data-src=\"http:\/\/www.caririemacao.com\/1\/wp-content\/uploads\/2019\/05\/DSC_0013-1024x678.jpg\" alt=\"\" class=\"wp-image-96024 lazyload\" data-srcset=\"https:\/\/www.caririemacao.com\/1\/wp-content\/uploads\/2019\/05\/DSC_0013-1024x678.jpg 1024w, https:\/\/www.caririemacao.com\/1\/wp-content\/uploads\/2019\/05\/DSC_0013-300x199.jpg 300w, https:\/\/www.caririemacao.com\/1\/wp-content\/uploads\/2019\/05\/DSC_0013-768x509.jpg 768w\" data-sizes=\"(max-width: 1024px) 100vw, 1024px\" src=\"data:image\/svg+xml;base64,PHN2ZyB3aWR0aD0iMSIgaGVpZ2h0PSIxIiB4bWxucz0iaHR0cDovL3d3dy53My5vcmcvMjAwMC9zdmciPjwvc3ZnPg==\" style=\"--smush-placeholder-width: 1024px; --smush-placeholder-aspect-ratio: 1024\/678;\" \/><\/figure>\n\n\n\n<p>O vereador\nDaniel L\u00eala solicitou ao prefeito a constru\u00e7\u00e3o de um bueiro na Rua Abel Paulo\nde Amorim, no bairro Santa Rosa. \u201cNa localidade onde se faz necess\u00e1rio a exist\u00eancia\nde um bueiro, encontra-se uma depress\u00e3o e devido sua profundidade dificulta o\ntr\u00e1fego de ve\u00edculos automotores, trazendo desconforto e inseguran\u00e7a para quem\ntransita nesta rua\u201d, justificou. <\/p>\n\n\n\n<p>Daniel\nainda pediu a reforma no mata burro do S\u00edtio Terra Vermelha, pr\u00f3ximo a\nresid\u00eancia do Sr. Alcindo. \u201cEm uma reuni\u00e3o que participei na Associa\u00e7\u00e3o de\nTerra Vermelha um dos pleitos solicitados pela comunidade foi a reforma deste\nmata burro, pois na travessia do terreno do Sr. Alcindo existem animais que\npastam e um fluxo consider\u00e1vel de pessoas que transitam neste local\u201d. <\/p>\n\n\n\n<p>Daniel tamb\u00e9m apresentou Voto de Pesar a Fam\u00edlia do senhor Jos\u00e9 Wilson Santa Cruz, falecimento durante esta semana. Jos\u00e9 \u00e9 pai do servidor da Secretaria de Obras, Fontinele Santa Cruz. <\/p>\n\n\n\n<figure class=\"wp-block-image\"><img decoding=\"async\" width=\"1024\" height=\"678\" data-src=\"http:\/\/www.caririemacao.com\/1\/wp-content\/uploads\/2019\/05\/DSC_0083-1024x678.jpg\" alt=\"\" class=\"wp-image-96030 lazyload\" data-srcset=\"https:\/\/www.caririemacao.com\/1\/wp-content\/uploads\/2019\/05\/DSC_0083-1024x678.jpg 1024w, https:\/\/www.caririemacao.com\/1\/wp-content\/uploads\/2019\/05\/DSC_0083-300x199.jpg 300w, https:\/\/www.caririemacao.com\/1\/wp-content\/uploads\/2019\/05\/DSC_0083-768x509.jpg 768w\" data-sizes=\"(max-width: 1024px) 100vw, 1024px\" src=\"data:image\/svg+xml;base64,PHN2ZyB3aWR0aD0iMSIgaGVpZ2h0PSIxIiB4bWxucz0iaHR0cDovL3d3dy53My5vcmcvMjAwMC9zdmciPjwvc3ZnPg==\" style=\"--smush-placeholder-width: 1024px; --smush-placeholder-aspect-ratio: 1024\/678;\" \/><\/figure>\n\n\n\n<p>Por \u00faltimo, o vereador Juan Pereira solicitou o patrolamento da estrada que liga o sitio Terra Vermelha ao s\u00edtio Volta do Rio, do S\u00edtios Cabe\u00e7a Branca at\u00e9 o Pau D\u00e1rco. Ele tamb\u00e9m requereu patrolamento e coloca\u00e7\u00e3o de cascalho na estrada que liga a estrada do Congo at\u00e9 a Vila do Lambedor, beneficiando tamb\u00e9m a comunidade do Ju\u00e1. Ele tamb\u00e9m pediu que seja constru\u00edda uma pra\u00e7a com brinquedos no bairro do Frei Dami\u00e3o.<\/p>\n\n\n\n<p><a href=\"https:\/\/www.facebook.com\/pg\/CaririEmAcao\/photos\/?tab=album&amp;album_id=1552038794932138\">CLIQUE AQUI E VEJA TODAS AS FOTOS DA REUNI\u00c3O.<\/a><\/p>\n","protected":false},"excerpt":{"rendered":"<p>Sob a presid\u00eancia do vereador Le\u00f4nidas Albino \u201cBomba\u201d, a C\u00e2mara Municipal de Sum\u00e9 esteve reunida na noite desta ter\u00e7a-feira, dia 21, para analisar e aprovar&hellip; <\/p>\n","protected":false},"author":2,"featured_media":96021,"comment_status":"closed","ping_status":"closed","sticky":false,"template":"","format":"standard","meta":{"sfsi_plus_gutenberg_text_before_share":"","sfsi_plus_gutenberg_show_text_before_share":"","sfsi_plus_gutenberg_icon_type":"","sfsi_plus_gutenberg_icon_alignemt":"","sfsi_plus_gutenburg_max_per_row":"","footnotes":""},"categories":[6,50],"tags":[],"class_list":["post-96020","post","type-post","status-publish","format-standard","has-post-thumbnail","hentry","category-cidades","category-destaque"],"_links":{"self":[{"href":"https:\/\/www.caririemacao.com\/1\/wp-json\/wp\/v2\/posts\/96020","targetHints":{"allow":["GET"]}}],"collection":[{"href":"https:\/\/www.caririemacao.com\/1\/wp-json\/wp\/v2\/posts"}],"about":[{"href":"https:\/\/www.caririemacao.com\/1\/wp-json\/wp\/v2\/types\/post"}],"author":[{"embeddable":true,"href":"https:\/\/www.caririemacao.com\/1\/wp-json\/wp\/v2\/users\/2"}],"replies":[{"embeddable":true,"href":"https:\/\/www.caririemacao.com\/1\/wp-json\/wp\/v2\/comments?post=96020"}],"version-history":[{"count":1,"href":"https:\/\/www.caririemacao.com\/1\/wp-json\/wp\/v2\/posts\/96020\/revisions"}],"predecessor-version":[{"id":96034,"href":"https:\/\/www.caririemacao.com\/1\/wp-json\/wp\/v2\/posts\/96020\/revisions\/96034"}],"wp:featuredmedia":[{"embeddable":true,"href":"https:\/\/www.caririemacao.com\/1\/wp-json\/wp\/v2\/media\/96021"}],"wp:attachment":[{"href":"https:\/\/www.caririemacao.com\/1\/wp-json\/wp\/v2\/media?parent=96020"}],"wp:term":[{"taxonomy":"category","embeddable":true,"href":"https:\/\/www.caririemacao.com\/1\/wp-json\/wp\/v2\/categories?post=96020"},{"taxonomy":"post_tag","embeddable":true,"href":"https:\/\/www.caririemacao.com\/1\/wp-json\/wp\/v2\/tags?post=96020"}],"curies":[{"name":"wp","href":"https:\/\/api.w.org\/{rel}","templated":true}]}}