{"id":96039,"date":"2019-05-22T12:17:41","date_gmt":"2019-05-22T15:17:41","guid":{"rendered":"http:\/\/www.caririemacao.com\/1\/?p=96039"},"modified":"2019-05-22T12:17:41","modified_gmt":"2019-05-22T15:17:41","slug":"ricardo-coutinho-e-intimado-para-testemunhar-em-processo-do-ex-presidente-lula","status":"publish","type":"post","link":"https:\/\/www.caririemacao.com\/1\/2019\/05\/22\/ricardo-coutinho-e-intimado-para-testemunhar-em-processo-do-ex-presidente-lula\/","title":{"rendered":"Ricardo Coutinho \u00e9 intimado para testemunhar em processo do ex-presidente Lula"},"content":{"rendered":"\n<p>O\u00a0ex-governador Ricardo Coutinho prestar\u00e1 depoimento \u00e0 Justi\u00e7a Federal na qualidade de testemunha do ex-presidente Luiz In\u00e1cio Lula da Silva. Ricardo foi intimado para comparecer a audi\u00eancia no dia 31 de maio, \u00e0s 14h, na 16\u00aa Vara Federal.<\/p>\n\n\n\n<p>O depoimento de Ricardo Coutinho ser\u00e1 prestado atrav\u00e9s de videoconfer\u00eancia e comandado pelo ju\u00edzo da 10\u00aa Vara Federal, do Distrito Federal.<\/p>\n\n\n\n<p>O ex-presidente Lula permanece preso na sede da Pol\u00edcia Federal em Curitiba, no Paran\u00e1, sob acusa\u00e7\u00f5es no \u00e2mbito da Opera\u00e7\u00e3o Lava-Jato.&nbsp;<\/p>\n\n\n\n<p>Depois das \u00faltimas elei\u00e7\u00f5es presidenciais, Ricardo Coutinho tem se mostrado como uma das refer\u00eancias da oposi\u00e7\u00e3o a Jair Bolsonaro. Filiado ao PSB, Ricardo \u00e9 apontado como um dos respons\u00e1veis pela guinada \u00e0 esquerda do partido.<\/p>\n\n\n\n<figure class=\"wp-block-image\"><img decoding=\"async\" data-src=\"https:\/\/www.clickpb.com.br\/media\/filer_public\/8b\/62\/8b62c62c-cd62-455b-ad1f-79b9ef15c6ed\/ricardo_-_testemunah_de_lula.jpeg\" alt=\"\" src=\"data:image\/svg+xml;base64,PHN2ZyB3aWR0aD0iMSIgaGVpZ2h0PSIxIiB4bWxucz0iaHR0cDovL3d3dy53My5vcmcvMjAwMC9zdmciPjwvc3ZnPg==\" class=\"lazyload\" \/><\/figure>\n","protected":false},"excerpt":{"rendered":"<p>O\u00a0ex-governador Ricardo Coutinho prestar\u00e1 depoimento \u00e0 Justi\u00e7a Federal na qualidade de testemunha do ex-presidente Luiz In\u00e1cio Lula da Silva. Ricardo foi intimado para comparecer a&hellip; <\/p>\n","protected":false},"author":1,"featured_media":96041,"comment_status":"closed","ping_status":"closed","sticky":false,"template":"","format":"standard","meta":{"sfsi_plus_gutenberg_text_before_share":"","sfsi_plus_gutenberg_show_text_before_share":"","sfsi_plus_gutenberg_icon_type":"","sfsi_plus_gutenberg_icon_alignemt":"","sfsi_plus_gutenburg_max_per_row":"","footnotes":""},"categories":[11],"tags":[],"class_list":["post-96039","post","type-post","status-publish","format-standard","has-post-thumbnail","hentry","category-politica"],"_links":{"self":[{"href":"https:\/\/www.caririemacao.com\/1\/wp-json\/wp\/v2\/posts\/96039","targetHints":{"allow":["GET"]}}],"collection":[{"href":"https:\/\/www.caririemacao.com\/1\/wp-json\/wp\/v2\/posts"}],"about":[{"href":"https:\/\/www.caririemacao.com\/1\/wp-json\/wp\/v2\/types\/post"}],"author":[{"embeddable":true,"href":"https:\/\/www.caririemacao.com\/1\/wp-json\/wp\/v2\/users\/1"}],"replies":[{"embeddable":true,"href":"https:\/\/www.caririemacao.com\/1\/wp-json\/wp\/v2\/comments?post=96039"}],"version-history":[{"count":1,"href":"https:\/\/www.caririemacao.com\/1\/wp-json\/wp\/v2\/posts\/96039\/revisions"}],"predecessor-version":[{"id":96042,"href":"https:\/\/www.caririemacao.com\/1\/wp-json\/wp\/v2\/posts\/96039\/revisions\/96042"}],"wp:featuredmedia":[{"embeddable":true,"href":"https:\/\/www.caririemacao.com\/1\/wp-json\/wp\/v2\/media\/96041"}],"wp:attachment":[{"href":"https:\/\/www.caririemacao.com\/1\/wp-json\/wp\/v2\/media?parent=96039"}],"wp:term":[{"taxonomy":"category","embeddable":true,"href":"https:\/\/www.caririemacao.com\/1\/wp-json\/wp\/v2\/categories?post=96039"},{"taxonomy":"post_tag","embeddable":true,"href":"https:\/\/www.caririemacao.com\/1\/wp-json\/wp\/v2\/tags?post=96039"}],"curies":[{"name":"wp","href":"https:\/\/api.w.org\/{rel}","templated":true}]}}