{"id":96049,"date":"2019-05-22T12:27:16","date_gmt":"2019-05-22T15:27:16","guid":{"rendered":"http:\/\/www.caririemacao.com\/1\/?p=96049"},"modified":"2019-05-22T12:27:16","modified_gmt":"2019-05-22T15:27:16","slug":"facebook-apaga-fake-news-e-contas-de-extrema-direita","status":"publish","type":"post","link":"https:\/\/www.caririemacao.com\/1\/2019\/05\/22\/facebook-apaga-fake-news-e-contas-de-extrema-direita\/","title":{"rendered":"Facebook apaga fake news e contas de extrema-direita"},"content":{"rendered":"\n<p>O Estudo da organiza\u00e7\u00e3o n\u00e3o governamental (ONG) Avaaz identificou mais de 500 contas do Facebook usadas para disseminar not\u00edcias falsas. A rede de contas de extrema-direita publicava discursos de \u00f3dio e pretendia \u201cespalhar mensagens de supremacia branca\u201d, segundo a edi\u00e7\u00e3o online do jornal brit\u00e2nico The Guardian.<\/p>\n\n\n\n<p>Apesar dos esfor\u00e7os constantes do Facebook, a rede social tem sido invadida por publica\u00e7\u00f5es de desinforma\u00e7\u00e3o e redes de contas falsas que pretendem tornar virais as chamadas fake news.<\/p>\n\n\n\n<p>Nos \u00faltimos tr\u00eas meses, a ONG descobriu p\u00e1ginas suspeitas na rede social na Fran\u00e7a, Alemanha, It\u00e1lia, no Reino Unido, na Pol\u00f3nia e Espanha.<\/p>\n\n\n\n<p>A rede social eliminou contas que tinham cerca de 6 milh\u00f5es de seguidores e em que proliferavam not\u00edcias falsas e discursos de \u00f3dio.<\/p>\n\n\n\n<p>A maioria foi descoberta por publicar e partilhar, por meio de perfis falsos, conte\u00fado desinformativo e de incitamento ao \u00f3dio. A Avaaz est\u00e1 investigando ainda, no entanto, centenas de outras contas, com mais de 26 milh\u00f5es de seguidores, que podem ser expostos a conte\u00fados suspeitos.<\/p>\n\n\n\n<p>Essas redes eram muito mais populares do que as p\u00e1ginas oficiais dos grupos populistas de extrema-direita e anti-Uni\u00e3o Europeia (UE) naqueles pa\u00edses, de acordo com o The Guardian.<\/p>\n\n\n\n<p>\u201cAs p\u00e1ginas t\u00eam altos n\u00edveis de intera\u00e7\u00e3o. N\u00e3o importa quantos seguidores tem, se n\u00e3o houver intera\u00e7\u00f5es\u201d, disse Christoph Schott, diretor de campanha do grupo Avaaz. &#8220;Eles t\u00eam mais de 500 milh\u00f5es de visualiza\u00e7\u00f5es apenas nas p\u00e1ginas apagadas, o que \u00e9 mais do que o n\u00famero de eleitores na UE&#8221;, acrescentou.<\/p>\n\n\n\n<p><strong>Armas de destrui\u00e7\u00e3o em massa<\/strong><\/p>\n\n\n\n<p>A Avaaz encontrou, at\u00e9 agora, mais de 550 p\u00e1ginas e grupos, assim como 328 perfis que partilhavam not\u00edcias falsas. Embora o Facebook as tenha apagado, a maioria dessas p\u00e1ginas foi visualizada cerca de 533 milh\u00f5es de vezes, em apenas tr\u00eas meses<\/p>\n","protected":false},"excerpt":{"rendered":"<p>O Estudo da organiza\u00e7\u00e3o n\u00e3o governamental (ONG) Avaaz identificou mais de 500 contas do Facebook usadas para disseminar not\u00edcias falsas. A rede de contas de&hellip; <\/p>\n","protected":false},"author":1,"featured_media":96050,"comment_status":"closed","ping_status":"closed","sticky":false,"template":"","format":"standard","meta":{"sfsi_plus_gutenberg_text_before_share":"","sfsi_plus_gutenberg_show_text_before_share":"","sfsi_plus_gutenberg_icon_type":"","sfsi_plus_gutenberg_icon_alignemt":"","sfsi_plus_gutenburg_max_per_row":"","footnotes":""},"categories":[2],"tags":[],"class_list":["post-96049","post","type-post","status-publish","format-standard","has-post-thumbnail","hentry","category-geral"],"_links":{"self":[{"href":"https:\/\/www.caririemacao.com\/1\/wp-json\/wp\/v2\/posts\/96049","targetHints":{"allow":["GET"]}}],"collection":[{"href":"https:\/\/www.caririemacao.com\/1\/wp-json\/wp\/v2\/posts"}],"about":[{"href":"https:\/\/www.caririemacao.com\/1\/wp-json\/wp\/v2\/types\/post"}],"author":[{"embeddable":true,"href":"https:\/\/www.caririemacao.com\/1\/wp-json\/wp\/v2\/users\/1"}],"replies":[{"embeddable":true,"href":"https:\/\/www.caririemacao.com\/1\/wp-json\/wp\/v2\/comments?post=96049"}],"version-history":[{"count":1,"href":"https:\/\/www.caririemacao.com\/1\/wp-json\/wp\/v2\/posts\/96049\/revisions"}],"predecessor-version":[{"id":96051,"href":"https:\/\/www.caririemacao.com\/1\/wp-json\/wp\/v2\/posts\/96049\/revisions\/96051"}],"wp:featuredmedia":[{"embeddable":true,"href":"https:\/\/www.caririemacao.com\/1\/wp-json\/wp\/v2\/media\/96050"}],"wp:attachment":[{"href":"https:\/\/www.caririemacao.com\/1\/wp-json\/wp\/v2\/media?parent=96049"}],"wp:term":[{"taxonomy":"category","embeddable":true,"href":"https:\/\/www.caririemacao.com\/1\/wp-json\/wp\/v2\/categories?post=96049"},{"taxonomy":"post_tag","embeddable":true,"href":"https:\/\/www.caririemacao.com\/1\/wp-json\/wp\/v2\/tags?post=96049"}],"curies":[{"name":"wp","href":"https:\/\/api.w.org\/{rel}","templated":true}]}}