{"id":96052,"date":"2019-05-22T12:36:38","date_gmt":"2019-05-22T15:36:38","guid":{"rendered":"http:\/\/www.caririemacao.com\/1\/?p=96052"},"modified":"2019-05-22T12:36:38","modified_gmt":"2019-05-22T15:36:38","slug":"total-de-domicilios-alugados-no-brasil-cresce-53-em-um-ano","status":"publish","type":"post","link":"https:\/\/www.caririemacao.com\/1\/2019\/05\/22\/total-de-domicilios-alugados-no-brasil-cresce-53-em-um-ano\/","title":{"rendered":"Total de domic\u00edlios alugados no Brasil cresce 5,3% em um ano"},"content":{"rendered":"\n<p><br>Dos 71 milh\u00f5es de domic\u00edlios existentes no Brasil em 2018, 12,9 milh\u00f5es eram alugados. Os n\u00fameros, que revelam um aumento de 5,3% na compara\u00e7\u00e3o com 2017, constam da Pesquisa Nacional por Amostra de Domic\u00edlios Cont\u00ednua (Pnad Cont\u00ednua).<\/p>\n\n\n\n<p>Divulgada hoje (22), no Rio de Janeiro, pelo Instituto Brasileiro de Geografia e Estat\u00edstica (IBGE), ela re\u00fane informa\u00e7\u00f5es relacionadas a caracter\u00edsticas gerais dos domic\u00edlios e moradores de todas as regi\u00f5es do Brasil no ano de 2018 e compara os resultados com os de anos anteriores.<\/p>\n\n\n\n<p>Entre 2017 e 2018, o aumento de resid\u00eancias alugadas foi observado em todo o pa\u00eds. A eleva\u00e7\u00e3o mais expressiva foi de 5,8% na regi\u00e3o Sudeste.<\/p>\n\n\n\n<p>Atualmente, 20,5% de todos os domic\u00edlios situados em S\u00e3o Paulo, Rio de Janeiro, Minas Gerais e Esp\u00edrito Santo s\u00e3o alugados.<\/p>\n\n\n\n<p>Embora tenha tido registrado um avan\u00e7o proporcionalmente menor em rela\u00e7\u00e3o a 2017, o Centro-Oeste permaneceu como a regi\u00e3o com o maior percentual de resid\u00eancias alugadas. Est\u00e3o nesta situa\u00e7\u00e3o 22,9% do total.<\/p>\n\n\n\n<p>A quantidade de domic\u00edlios pr\u00f3prios, quitados ou ainda em pagamento, tamb\u00e9m cresceu em n\u00fameros absolutos entre 2017 e 2018.<\/p>\n\n\n\n<h2 class=\"wp-block-heading\">Casas pr\u00f3prias<\/h2>\n\n\n\n<p>No entanto, houve leve queda proporcional no per\u00edodo. Em 2017, dos 69,5 milh\u00f5es de domic\u00edlios, 51 milh\u00f5es eram pr\u00f3prios, o que representa 73,3%. J\u00e1 em 2018, as resid\u00eancias pr\u00f3prias eram 51,5 milh\u00f5es das 71 milh\u00f5es existentes, isto \u00e9, 72,5%.<\/p>\n\n\n\n<p>A pesquisa do IBGE revela ainda que, em 2018, 31 milh\u00f5es dos domic\u00edlios estavam situados no Sudeste, 18,5 milh\u00f5es no Nordeste, 10,7 milh\u00f5es no Sul, 5,5 milh\u00f5es no Centro-Oeste e 5,3 milh\u00f5es no Norte.<\/p>\n\n\n\n<p>Na compara\u00e7\u00e3o com 2017, o maior aumento proporcional ocorreu no Norte, onde houve crescimento de 3,1% do total de resid\u00eancias. Em n\u00fameros absolutos, a expans\u00e3o mais significativa se deu no Sudeste, com 762 mil novos domic\u00edlios.<\/p>\n\n\n\n<p>O levantamento tamb\u00e9m apresenta um recorte em rela\u00e7\u00e3o ao tipo das resid\u00eancias no pa\u00eds. Casas representam 86% e apartamentos 13,8%. O restante (0,2%) re\u00fane habita\u00e7\u00f5es coletivas como corti\u00e7os ou cabe\u00e7as de porco. O n\u00famero de apartamentos, ap\u00f3s uma redu\u00e7\u00e3o de 3,1% de 2016 para 2017, acusou crescimento de 7,1% em 2018.<\/p>\n\n\n\n<p>A pesquisa mostrou que, nas regi\u00f5es Norte, Nordeste e Centro-Oeste, o percentual de casas supera a m\u00e9dia nacional: 92,7%, 90,9% e 89,0%, respectivamente.<\/p>\n\n\n\n<p>Por outro lado, o Sudeste e o Sul registram respectivamente 18,4% e 14,3% de apartamentos. Ambas as regi\u00f5es est\u00e3o acima dos 13,8% observados no pa\u00eds.<\/p>\n\n\n\n<h2 class=\"wp-block-heading\">Amostra<\/h2>\n\n\n\n<p>De acordo com o IBGE, os pesquisadores visitaram 168 mil domic\u00edlios. Al\u00e9m das caracter\u00edsticas dos endere\u00e7os, a Pnad Cont\u00ednua investiga a composi\u00e7\u00e3o populacional em termos de sexo, idade e ra\u00e7a, possibilitando an\u00e1lises em torno dos tra\u00e7os sociais e demogr\u00e1ficos do pa\u00eds e dos aspectos do mercado de trabalho.<\/p>\n\n\n\n<p>S\u00e3o publicados ainda relat\u00f3rios mensais e trimestrais com informa\u00e7\u00f5es conjunturais relacionadas \u00e0 for\u00e7a de trabalho e suplementos com periodicidade variada que abordam outros temas pesquisados, como educa\u00e7\u00e3o e imigra\u00e7\u00e3o.<\/p>\n","protected":false},"excerpt":{"rendered":"<p>Dos 71 milh\u00f5es de domic\u00edlios existentes no Brasil em 2018, 12,9 milh\u00f5es eram alugados. Os n\u00fameros, que revelam um aumento de 5,3% na compara\u00e7\u00e3o com&hellip; <\/p>\n","protected":false},"author":1,"featured_media":96053,"comment_status":"closed","ping_status":"closed","sticky":false,"template":"","format":"standard","meta":{"sfsi_plus_gutenberg_text_before_share":"","sfsi_plus_gutenberg_show_text_before_share":"","sfsi_plus_gutenberg_icon_type":"","sfsi_plus_gutenberg_icon_alignemt":"","sfsi_plus_gutenburg_max_per_row":"","footnotes":""},"categories":[2],"tags":[],"class_list":["post-96052","post","type-post","status-publish","format-standard","has-post-thumbnail","hentry","category-geral"],"_links":{"self":[{"href":"https:\/\/www.caririemacao.com\/1\/wp-json\/wp\/v2\/posts\/96052","targetHints":{"allow":["GET"]}}],"collection":[{"href":"https:\/\/www.caririemacao.com\/1\/wp-json\/wp\/v2\/posts"}],"about":[{"href":"https:\/\/www.caririemacao.com\/1\/wp-json\/wp\/v2\/types\/post"}],"author":[{"embeddable":true,"href":"https:\/\/www.caririemacao.com\/1\/wp-json\/wp\/v2\/users\/1"}],"replies":[{"embeddable":true,"href":"https:\/\/www.caririemacao.com\/1\/wp-json\/wp\/v2\/comments?post=96052"}],"version-history":[{"count":1,"href":"https:\/\/www.caririemacao.com\/1\/wp-json\/wp\/v2\/posts\/96052\/revisions"}],"predecessor-version":[{"id":96054,"href":"https:\/\/www.caririemacao.com\/1\/wp-json\/wp\/v2\/posts\/96052\/revisions\/96054"}],"wp:featuredmedia":[{"embeddable":true,"href":"https:\/\/www.caririemacao.com\/1\/wp-json\/wp\/v2\/media\/96053"}],"wp:attachment":[{"href":"https:\/\/www.caririemacao.com\/1\/wp-json\/wp\/v2\/media?parent=96052"}],"wp:term":[{"taxonomy":"category","embeddable":true,"href":"https:\/\/www.caririemacao.com\/1\/wp-json\/wp\/v2\/categories?post=96052"},{"taxonomy":"post_tag","embeddable":true,"href":"https:\/\/www.caririemacao.com\/1\/wp-json\/wp\/v2\/tags?post=96052"}],"curies":[{"name":"wp","href":"https:\/\/api.w.org\/{rel}","templated":true}]}}