{"id":96055,"date":"2019-05-22T12:38:26","date_gmt":"2019-05-22T15:38:26","guid":{"rendered":"http:\/\/www.caririemacao.com\/1\/?p=96055"},"modified":"2019-05-22T12:38:26","modified_gmt":"2019-05-22T15:38:26","slug":"em-6-anos-pessoas-que-se-dizem-pretas-aumentam-em-todo-o-pais","status":"publish","type":"post","link":"https:\/\/www.caririemacao.com\/1\/2019\/05\/22\/em-6-anos-pessoas-que-se-dizem-pretas-aumentam-em-todo-o-pais\/","title":{"rendered":"Em 6 anos, pessoas que se dizem pretas aumentam em todo o pa\u00eds"},"content":{"rendered":"\n<p>Entre 2012 e 2018, o percentual da popula\u00e7\u00e3o que se declarou preta ou parda aumentou em todas as regi\u00f5es do Brasil.<\/p>\n\n\n\n<p>Segundo levantamento do Instituto Brasileiro de Geografia e Estat\u00edstica (IBGE), dos 207,8 milh\u00f5es dos moradores do pa\u00eds em 2018 se declararam pardos 46,5%, pretos 9,3% e brancos 43,1%. Em 2012, esses percentuais eram respectivamente 45,3%, 7,4% e 46,6%.<\/p>\n\n\n\n<figure class=\"wp-block-image\"><img decoding=\"async\" data-src=\"http:\/\/imagens.ebc.com.br\/5KkSFIOCPW068-Ys55Fn4X1LbBM=\/754x0\/smart\/http:\/\/agenciabrasil.ebc.com.br\/sites\/default\/files\/atoms\/image\/25demarco2mcsp12.jpg?itok=47FcIFjP\" alt=\"O movimento na Rua 25 de Mar\u00e7o, maior centro de com\u00e9rcio popular de S\u00e3o Paulo\" src=\"data:image\/svg+xml;base64,PHN2ZyB3aWR0aD0iMSIgaGVpZ2h0PSIxIiB4bWxucz0iaHR0cDovL3d3dy53My5vcmcvMjAwMC9zdmciPjwvc3ZnPg==\" class=\"lazyload\" \/><\/figure>\n\n\n\n<p>Pesquisa apurou que, entre 2012 e 2018, percentual da popula\u00e7\u00e3o preta ou parda cresceu em todo o Brasil. Pardos s\u00e3o 46,5%&nbsp;&nbsp;<strong>(Arquivo\/<\/strong><strong>Marcelo Camargo\/Ag\u00eancia Brasil)<\/strong><\/p>\n\n\n\n<p>Os dados constam na Pesquisa Nacional por Amostra de Domic\u00edlios Cont\u00ednua (Pnad Cont\u00ednua), divulgada hoje (22) pelo IBGE, no Rio de Janeiro.<\/p>\n\n\n\n<p>Considerando a s\u00e9rie hist\u00f3rica desde 2012, a propor\u00e7\u00e3o de pessoas que se declararam pretas em 2018 revelou o aumento mais expressivo dos \u00faltimos seis anos. O crescimento foi de 0,7 ponto percentual, saindo dos 8,6% de 2017 para 9,3% no ano passado.<\/p>\n\n\n\n<p>Entre 2012 e 2018, a popula\u00e7\u00e3o que se declara preta no pa\u00eds saltou de 14,5 milh\u00f5es de pessoas para 19,2 milh\u00f5es, um aumento de 32,1%.<\/p>\n\n\n\n<p>A regi\u00e3o com o aumento mais expressivo nesse per\u00edodo foi o Centro-Oeste, com 56,5%. No Norte, Nordeste, Sudeste e Sul, os crescimentos foram respectivamente de 37,5%, 35%, 26,4% e 30,7%.<\/p>\n\n\n\n<p>J\u00e1 a participa\u00e7\u00e3o da popula\u00e7\u00e3o declarada branca reduziu em todas as regi\u00f5es de 2012 para 2018, principalmente no Nordeste, onde a queda foi de 9,8%.<\/p>\n\n\n\n<p>A s\u00e9rie hist\u00f3rica tamb\u00e9m mostra um aumento daqueles que se declaram pardos no Brasil, que saltaram de 89,6 milh\u00f5es em 2012 para 96,7 milh\u00f5es de pessoas em 2018.<\/p>\n\n\n\n<p>No \u00faltimo ano, por\u00e9m, apesar de um pequeno crescimento em n\u00fameros absolutos, houve queda proporcional dessa popula\u00e7\u00e3o. Em 2017, eles eram 96,4 milh\u00f5es dos 206,2 milh\u00f5es de moradores no pa\u00eds, isto \u00e9, 46,8%.<\/p>\n\n\n\n<p>J\u00e1 em 2018, os 96,7 milh\u00f5es de pardos representaram 46,5% dos 207,8 milh\u00f5es que viviam no Brasil.<\/p>\n\n\n\n<h2 class=\"wp-block-heading\">Faixa et\u00e1ria<\/h2>\n\n\n\n<p>A pesquisa tamb\u00e9m revela transforma\u00e7\u00f5es et\u00e1rias na popula\u00e7\u00e3o brasileira. H\u00e1 uma tend\u00eancia de queda da propor\u00e7\u00e3o de pessoas abaixo de 30 anos de idade, que representavam 47,6% dos moradores do pa\u00eds em 2012 e 42,9% no ano passado. J\u00e1 os maiores de 30 anos cresceram, saindo de 52,4% em 2012 para 57,1% em 2018.<\/p>\n\n\n\n<p>Os dados evidenciam a tend\u00eancia de envelhecimento populacional. Em 2012, os idosos com 60 anos ou mais de idade representavam 12,8% da popula\u00e7\u00e3o residente total, passando para 15,4% em 2018.<\/p>\n\n\n\n<p>O levantamento tamb\u00e9m mostrou que, desde 2012, h\u00e1 uma estabilidade na distribui\u00e7\u00e3o da popula\u00e7\u00e3o do pa\u00eds por sexo. No ano passado, 48,3% eram homens e 51,7% mulheres. No entanto, a popula\u00e7\u00e3o masculina apresentou padr\u00e3o mais jovem do que a feminina. Na faixa et\u00e1ria at\u00e9 24 anos, os homens representaram 51,1% e as mulheres 48,9%.<\/p>\n\n\n\n<p>Os resultados da pesquisa foram obtidos com base em uma amostra de aproximadamente 168 mil resid\u00eancias visitadas.<\/p>\n\n\n\n<p>Al\u00e9m da composi\u00e7\u00e3o populacional em termos de sexo, idade e ra\u00e7a, s\u00e3o investigadas na pesquisa as caracter\u00edsticas dos domic\u00edlios do Brasil de forma a auxiliar a compreens\u00e3o sobre tra\u00e7os sociais e demogr\u00e1ficos do pa\u00eds e os aspectos do mercado de trabalho.<\/p>\n\n\n\n<p>S\u00e3o publicados ainda relat\u00f3rios mensais e trimestrais com informa\u00e7\u00f5es conjunturais relacionadas \u00e0 for\u00e7a de trabalho e suplementos com periodicidade variada que abordam outros temas pesquisados, como educa\u00e7\u00e3o e imigra\u00e7\u00e3o.<\/p>\n","protected":false},"excerpt":{"rendered":"<p>Entre 2012 e 2018, o percentual da popula\u00e7\u00e3o que se declarou preta ou parda aumentou em todas as regi\u00f5es do Brasil. Segundo levantamento do Instituto&hellip; <\/p>\n","protected":false},"author":1,"featured_media":53422,"comment_status":"closed","ping_status":"closed","sticky":false,"template":"","format":"standard","meta":{"sfsi_plus_gutenberg_text_before_share":"","sfsi_plus_gutenberg_show_text_before_share":"","sfsi_plus_gutenberg_icon_type":"","sfsi_plus_gutenberg_icon_alignemt":"","sfsi_plus_gutenburg_max_per_row":"","footnotes":""},"categories":[2],"tags":[],"class_list":["post-96055","post","type-post","status-publish","format-standard","has-post-thumbnail","hentry","category-geral"],"_links":{"self":[{"href":"https:\/\/www.caririemacao.com\/1\/wp-json\/wp\/v2\/posts\/96055","targetHints":{"allow":["GET"]}}],"collection":[{"href":"https:\/\/www.caririemacao.com\/1\/wp-json\/wp\/v2\/posts"}],"about":[{"href":"https:\/\/www.caririemacao.com\/1\/wp-json\/wp\/v2\/types\/post"}],"author":[{"embeddable":true,"href":"https:\/\/www.caririemacao.com\/1\/wp-json\/wp\/v2\/users\/1"}],"replies":[{"embeddable":true,"href":"https:\/\/www.caririemacao.com\/1\/wp-json\/wp\/v2\/comments?post=96055"}],"version-history":[{"count":1,"href":"https:\/\/www.caririemacao.com\/1\/wp-json\/wp\/v2\/posts\/96055\/revisions"}],"predecessor-version":[{"id":96056,"href":"https:\/\/www.caririemacao.com\/1\/wp-json\/wp\/v2\/posts\/96055\/revisions\/96056"}],"wp:featuredmedia":[{"embeddable":true,"href":"https:\/\/www.caririemacao.com\/1\/wp-json\/wp\/v2\/media\/53422"}],"wp:attachment":[{"href":"https:\/\/www.caririemacao.com\/1\/wp-json\/wp\/v2\/media?parent=96055"}],"wp:term":[{"taxonomy":"category","embeddable":true,"href":"https:\/\/www.caririemacao.com\/1\/wp-json\/wp\/v2\/categories?post=96055"},{"taxonomy":"post_tag","embeddable":true,"href":"https:\/\/www.caririemacao.com\/1\/wp-json\/wp\/v2\/tags?post=96055"}],"curies":[{"name":"wp","href":"https:\/\/api.w.org\/{rel}","templated":true}]}}