{"id":96057,"date":"2019-05-22T12:41:18","date_gmt":"2019-05-22T15:41:18","guid":{"rendered":"http:\/\/www.caririemacao.com\/1\/?p=96057"},"modified":"2019-05-22T12:41:18","modified_gmt":"2019-05-22T15:41:18","slug":"ate-julho-servicos-do-inss-serao-feitos-so-por-internet-ou-telefone","status":"publish","type":"post","link":"https:\/\/www.caririemacao.com\/1\/2019\/05\/22\/ate-julho-servicos-do-inss-serao-feitos-so-por-internet-ou-telefone\/","title":{"rendered":"At\u00e9 julho, servi\u00e7os do INSS ser\u00e3o feitos s\u00f3 por internet ou telefone"},"content":{"rendered":"\n<p>At\u00e9 julho, todos os servi\u00e7os relacionados \u00e0 Previd\u00eancia Social poder\u00e3o ser acessados somente por canais digitais e eletr\u00f4nicos e pelo n\u00famero de atendimento telef\u00f4nico 135.&nbsp;O segurado s\u00f3 ter\u00e1 necessidade de ir \u00e0 ag\u00eancia em caso de exig\u00eancia espec\u00edfica, como na complementa\u00e7\u00e3o de documenta\u00e7\u00e3o ou para fazer per\u00edcia para aux\u00edlio-doen\u00e7a, com agendamento feito pela internet.<\/p>\n\n\n\n<p>A informa\u00e7\u00e3o \u00e9 secret\u00e1rio de Governo Digital do Minist\u00e9rio da Economia, Luis Felipe Monteiro, em entrevista ontem (20) ao programa&nbsp;<em>Brasil em Pauta<\/em>, da&nbsp;<strong>TV Brasil<\/strong>.<\/p>\n\n\n\n<p>Ao todo, 90 servi\u00e7os ser\u00e3o digitalizados a partir de julho. Entre eles, a solicita\u00e7\u00e3o de aposentadoria por tempo de contribui\u00e7\u00e3o, recebimento de sal\u00e1rio-maternidade, obten\u00e7\u00e3o de extrato de pagamento de benef\u00edcio e gera\u00e7\u00e3o de guia da Previd\u00eancia.<\/p>\n\n\n\n<p>\u201cEstamos em um projeto de transforma\u00e7\u00e3o digital da Previd\u00eancia. Todos os requerimentos, todos os servi\u00e7os do INSS [Instituto Nacional do Seguro Social] estar\u00e3o dispon\u00edveis nos canais digitais de forma simples, para que o cidad\u00e3o tenha todas as informa\u00e7\u00f5es na primeira tela, com \u00edcones intuitivos\u201d, disse Monteiro.<\/p>\n\n\n\n<p>O cidad\u00e3o poder\u00e1 acessar os servi\u00e7os pelo&nbsp;<a href=\"https:\/\/www.inss.gov.br\/\" target=\"_blank\" rel=\"noreferrer noopener\">site do instituto<\/a>&nbsp;ou pelo aplicativo&nbsp;<a href=\"https:\/\/meu.inss.gov.br\/central\/\" target=\"_blank\" rel=\"noreferrer noopener\">Meu INSS<\/a>. O secret\u00e1rio informou que o objetivo \u00e9 facilitar o atendimento pelo n\u00famero 135, automatizando os procedimentos.<\/p>\n\n\n\n<h2 class=\"wp-block-heading\">Ag\u00eancias<\/h2>\n\n\n\n<p>O segurado s\u00f3 ter\u00e1 necessidade de ir \u00e0s ag\u00eancias da Previd\u00eancia em caso de exig\u00eancia espec\u00edfica, como na complementa\u00e7\u00e3o de documenta\u00e7\u00e3o. Tamb\u00e9m&nbsp;h\u00e1 casos em que ser\u00e1 necess\u00e1rio se deslocar, como&nbsp;para fazer per\u00edcia&nbsp;se&nbsp;dentro do processo e obten\u00e7\u00e3o do aux\u00edlio-doen\u00e7a. Contudo, o agendamento desse procedimento pode ser feito pela Internet.<\/p>\n\n\n\n<p>At\u00e9 2020, de acordo com o secret\u00e1rio, a meta \u00e9 que mil servi\u00e7os de diversas \u00e1reas do governo sejam digitalizados. Entre os objetivos, est\u00e1 a unifica\u00e7\u00e3o dos canais digitais. Em abril, o governo anunciou a unifica\u00e7\u00e3o dos sites de \u00f3rg\u00e3os vinculados ao Executivo ao portal&nbsp;<a href=\"http:\/\/www.brasil.gov.br\/\" target=\"_blank\" rel=\"noreferrer noopener\">GOV.BR<\/a>.<\/p>\n\n\n\n<p>Segundo Monteiro, com isso, a expectativa \u00e9 economizar at\u00e9 R$ 100 milh\u00f5es que eram gastos com a manuten\u00e7\u00e3o das p\u00e1ginas de minist\u00e9rios e outros \u00f3rg\u00e3os da administra\u00e7\u00e3o direta. Ele acrescentou que, dentro das iniciativas de transforma\u00e7\u00e3o digital do governo, tamb\u00e9m est\u00e1 prevista a disponibiliza\u00e7\u00e3o de processos facilitados para abertura de empresas pela Internet.<\/p>\n\n\n\n<p>\u201cUm servi\u00e7o digital oferecido no canal digital \u00e9 97% mais barato do que o mesmo servi\u00e7o oferecido pro um canal presencial. Esses servi\u00e7os s\u00e3o mais baratos, mais r\u00e1pidos e mais agrad\u00e1veis para os clientes\u201d, afirmou.<\/p>\n","protected":false},"excerpt":{"rendered":"<p>At\u00e9 julho, todos os servi\u00e7os relacionados \u00e0 Previd\u00eancia Social poder\u00e3o ser acessados somente por canais digitais e eletr\u00f4nicos e pelo n\u00famero de atendimento telef\u00f4nico 135.&nbsp;O&hellip; <\/p>\n","protected":false},"author":1,"featured_media":96058,"comment_status":"closed","ping_status":"closed","sticky":false,"template":"","format":"standard","meta":{"sfsi_plus_gutenberg_text_before_share":"","sfsi_plus_gutenberg_show_text_before_share":"","sfsi_plus_gutenberg_icon_type":"","sfsi_plus_gutenberg_icon_alignemt":"","sfsi_plus_gutenburg_max_per_row":"","footnotes":""},"categories":[2],"tags":[],"class_list":["post-96057","post","type-post","status-publish","format-standard","has-post-thumbnail","hentry","category-geral"],"_links":{"self":[{"href":"https:\/\/www.caririemacao.com\/1\/wp-json\/wp\/v2\/posts\/96057","targetHints":{"allow":["GET"]}}],"collection":[{"href":"https:\/\/www.caririemacao.com\/1\/wp-json\/wp\/v2\/posts"}],"about":[{"href":"https:\/\/www.caririemacao.com\/1\/wp-json\/wp\/v2\/types\/post"}],"author":[{"embeddable":true,"href":"https:\/\/www.caririemacao.com\/1\/wp-json\/wp\/v2\/users\/1"}],"replies":[{"embeddable":true,"href":"https:\/\/www.caririemacao.com\/1\/wp-json\/wp\/v2\/comments?post=96057"}],"version-history":[{"count":1,"href":"https:\/\/www.caririemacao.com\/1\/wp-json\/wp\/v2\/posts\/96057\/revisions"}],"predecessor-version":[{"id":96059,"href":"https:\/\/www.caririemacao.com\/1\/wp-json\/wp\/v2\/posts\/96057\/revisions\/96059"}],"wp:featuredmedia":[{"embeddable":true,"href":"https:\/\/www.caririemacao.com\/1\/wp-json\/wp\/v2\/media\/96058"}],"wp:attachment":[{"href":"https:\/\/www.caririemacao.com\/1\/wp-json\/wp\/v2\/media?parent=96057"}],"wp:term":[{"taxonomy":"category","embeddable":true,"href":"https:\/\/www.caririemacao.com\/1\/wp-json\/wp\/v2\/categories?post=96057"},{"taxonomy":"post_tag","embeddable":true,"href":"https:\/\/www.caririemacao.com\/1\/wp-json\/wp\/v2\/tags?post=96057"}],"curies":[{"name":"wp","href":"https:\/\/api.w.org\/{rel}","templated":true}]}}