{"id":96060,"date":"2019-05-22T12:43:38","date_gmt":"2019-05-22T15:43:38","guid":{"rendered":"http:\/\/www.caririemacao.com\/1\/?p=96060"},"modified":"2019-05-22T12:43:38","modified_gmt":"2019-05-22T15:43:38","slug":"apos-reforma-da-previdencia-governo-quer-avancar-em-privatizacoes","status":"publish","type":"post","link":"https:\/\/www.caririemacao.com\/1\/2019\/05\/22\/apos-reforma-da-previdencia-governo-quer-avancar-em-privatizacoes\/","title":{"rendered":"Ap\u00f3s reforma da Previd\u00eancia governo quer avan\u00e7ar em privatiza\u00e7\u00f5es"},"content":{"rendered":"\n<p>Ap\u00f3s a aprova\u00e7\u00e3o da reforma da Previd\u00eancia, o governo vai acelerar as privatiza\u00e7\u00f5es para travar despesas com juros da d\u00edvida, anunciou o ministro da Economia, Paulo Guedes, hoje (22), em palestra de abertura do semin\u00e1rio Previd\u00eancia: por que a reforma \u00e9 crucial para o futuro do pa\u00eds?, organizado pelos jornais&nbsp;<em>Correio Braziliense<\/em>&nbsp;e<em>&nbsp;Estado de Minas<\/em>.<\/p>\n\n\n\n<p>Segundo o ministro, com a reforma os investimentos v\u00e3o voltar a crescer, devido \u00e0 previsibilidade para a economia de duas d\u00e9cadas. Assim, para o ministro, o pa\u00eds poder\u00e1 crescer entre 2,5% e 3,5% por ano. \u201cCom essa reforma, abrimos os port\u00f5es para uma fase nova\u201d, disse.<\/p>\n\n\n\n<p>Guedes disse que as duas grandes despesas do pa\u00eds atualmente s\u00e3o com a Previd\u00eancia, em cerca de R$ 750 bilh\u00f5es, este ano, e os gastos com juros, em cerca de R$ 350 bilh\u00f5es. Para conter essas despesas com juros, o ministro disse que far\u00e1 privatiza\u00e7\u00f5es.<\/p>\n\n\n\n<p>Segundo o ministro, a meta \u00e9 gerar US$ 20 bilh\u00f5es em receitas com as privatiza\u00e7\u00f5es, sendo que o governo j\u00e1 gerou mais de US$ 11 bilh\u00f5es. A maior parte s\u00e3o de concess\u00f5es. \u201cPor enquanto n\u00e3o tem peixe grande. Daqui a pouco v\u00e3o entrar os grandes tamb\u00e9m. Com as privatiza\u00e7\u00f5es, vamos travar essa despesa que \u00e9 uma vergonha para o Brasil\u201d, afirmou Guedes.<\/p>\n\n\n\n<h2 class=\"wp-block-heading\">Cirurgia<\/h2>\n\n\n\n<p>O ministro comparou a reforma da Previd\u00eancia a uma cirurgia, que ningu\u00e9m gosta de fazer, mas \u00e9 necess\u00e1ria.<\/p>\n\n\n\n<p>Paulo Guedes argumentou que a reforma \u00e9 necess\u00e1ria devido ao envelhecimento da popula\u00e7\u00e3o, com menos jovens no mercado de trabalho contribuindo no futuro, por haver privil\u00e9gios no sistema atual, e por considerar que a forma de financiamento \u00e9 uma \u201cbomba-rel\u00f3gio\u201d. \u201cA forma de financiamento da Previd\u00eancia \u00e9 uma arma de destrui\u00e7\u00e3o de emprego. O trabalhador ganha pouco e custa muito, custa o dobro para a empresa\u201d, disse.<\/p>\n\n\n\n<p>Guedes reafirmou ainda que ser\u00e1 necess\u00e1rio aprovar a reforma com economia de pelo menos R$ 1 trilh\u00e3o, para que se possa implementar o sistema de capitaliza\u00e7\u00e3o para os jovens que entrarem no mercado de trabalho. \u201cNo regime de poupan\u00e7a garantida [capitaliza\u00e7\u00e3o], o jovem est\u00e1 levando poupan\u00e7a para o futuro. O custo de transi\u00e7\u00e3o n\u00e3o \u00e9 para todo mundo. \u00c9 s\u00f3 para os jovens. Vamos democratizar a poupan\u00e7a, vamos levar o pa\u00eds a crescer. As vantagens s\u00e3o extraordin\u00e1rias. O Brasil vai crescer mais r\u00e1pido, quando se acumula capital, se aumenta produtividade da m\u00e3o de obra\u201d, disse.<\/p>\n","protected":false},"excerpt":{"rendered":"<p>Ap\u00f3s a aprova\u00e7\u00e3o da reforma da Previd\u00eancia, o governo vai acelerar as privatiza\u00e7\u00f5es para travar despesas com juros da d\u00edvida, anunciou o ministro da Economia,&hellip; <\/p>\n","protected":false},"author":1,"featured_media":96062,"comment_status":"closed","ping_status":"closed","sticky":false,"template":"","format":"standard","meta":{"sfsi_plus_gutenberg_text_before_share":"","sfsi_plus_gutenberg_show_text_before_share":"","sfsi_plus_gutenberg_icon_type":"","sfsi_plus_gutenberg_icon_alignemt":"","sfsi_plus_gutenburg_max_per_row":"","footnotes":""},"categories":[11],"tags":[],"class_list":["post-96060","post","type-post","status-publish","format-standard","has-post-thumbnail","hentry","category-politica"],"_links":{"self":[{"href":"https:\/\/www.caririemacao.com\/1\/wp-json\/wp\/v2\/posts\/96060","targetHints":{"allow":["GET"]}}],"collection":[{"href":"https:\/\/www.caririemacao.com\/1\/wp-json\/wp\/v2\/posts"}],"about":[{"href":"https:\/\/www.caririemacao.com\/1\/wp-json\/wp\/v2\/types\/post"}],"author":[{"embeddable":true,"href":"https:\/\/www.caririemacao.com\/1\/wp-json\/wp\/v2\/users\/1"}],"replies":[{"embeddable":true,"href":"https:\/\/www.caririemacao.com\/1\/wp-json\/wp\/v2\/comments?post=96060"}],"version-history":[{"count":1,"href":"https:\/\/www.caririemacao.com\/1\/wp-json\/wp\/v2\/posts\/96060\/revisions"}],"predecessor-version":[{"id":96063,"href":"https:\/\/www.caririemacao.com\/1\/wp-json\/wp\/v2\/posts\/96060\/revisions\/96063"}],"wp:featuredmedia":[{"embeddable":true,"href":"https:\/\/www.caririemacao.com\/1\/wp-json\/wp\/v2\/media\/96062"}],"wp:attachment":[{"href":"https:\/\/www.caririemacao.com\/1\/wp-json\/wp\/v2\/media?parent=96060"}],"wp:term":[{"taxonomy":"category","embeddable":true,"href":"https:\/\/www.caririemacao.com\/1\/wp-json\/wp\/v2\/categories?post=96060"},{"taxonomy":"post_tag","embeddable":true,"href":"https:\/\/www.caririemacao.com\/1\/wp-json\/wp\/v2\/tags?post=96060"}],"curies":[{"name":"wp","href":"https:\/\/api.w.org\/{rel}","templated":true}]}}