{"id":96064,"date":"2019-05-22T12:54:00","date_gmt":"2019-05-22T15:54:00","guid":{"rendered":"http:\/\/www.caririemacao.com\/1\/?p=96064"},"modified":"2019-05-22T12:54:00","modified_gmt":"2019-05-22T15:54:00","slug":"selecao-brasileira-inicia-hoje-preparacao-para-a-copa-america","status":"publish","type":"post","link":"https:\/\/www.caririemacao.com\/1\/2019\/05\/22\/selecao-brasileira-inicia-hoje-preparacao-para-a-copa-america\/","title":{"rendered":"Sele\u00e7\u00e3o brasileira inicia hoje prepara\u00e7\u00e3o para a Copa Am\u00e9rica"},"content":{"rendered":"\n<p>A prepara\u00e7\u00e3o para a Copa Am\u00e9rica 2019 come\u00e7a nesta quarta-feira (22) com a chegada, na Granja Comary, em Teres\u00f3polis, na regi\u00e3o serrana no Rio de Janeiro, de sete dos 23 jogadores convocados pelo t\u00e9cnico Tite (Adenor Leonardo Bacchi) para disputar a competi\u00e7\u00e3o.<\/p>\n\n\n\n<p>Chegam hoje os seguintes jogadores: Fernandinho, Ederson, Gabriel Jesus, Richarlison, David Neres e Casemiro. Esta tarde, a partir das 16h, todos participam das primeiras atividades no campo do Centro de Treinamento da Confedera\u00e7\u00e3o Brasileira de Futebol (CBF).<\/p>\n\n\n\n<figure class=\"wp-block-image\"><img decoding=\"async\" data-src=\"http:\/\/imagens.ebc.com.br\/lHcGSpriTf1yj3LZts4l1XrwqbQ=\/754x0\/smart\/http:\/\/agenciabrasil.ebc.com.br\/sites\/default\/files\/thumbnails\/image\/granja_comary_0.jpeg?itok=lX4K0jRS\" alt=\"Granja Comary pronta para receber os jogadores da sele\u00e7\u00e3o a partir de hoje\" src=\"data:image\/svg+xml;base64,PHN2ZyB3aWR0aD0iMSIgaGVpZ2h0PSIxIiB4bWxucz0iaHR0cDovL3d3dy53My5vcmcvMjAwMC9zdmciPjwvc3ZnPg==\" class=\"lazyload\" \/><\/figure>\n\n\n\n<p>Granja Comary, em Teres\u00f3polis, pronta para receber os jogadores da sele\u00e7\u00e3o &#8211;&nbsp;<strong>Divulga\u00e7\u00e3o Confedera\u00e7\u00e3o Brasileira de Futebol &#8211; CBF<\/strong><\/p>\n\n\n\n<p>Segundo o planejamento feita pela equipe t\u00e9cnica da sele\u00e7\u00e3o, as atividades na Granja Comary ocorrer\u00e3o at\u00e9 o dia 4 de junho, quando a delega\u00e7\u00e3o embarca para Bras\u00edlia, onde, no dia 5 de junho, o time brasileiro faz um jogo amistoso com a sele\u00e7\u00e3o do Catar, no Est\u00e1dio Man\u00e9 Garrincha. A sele\u00e7\u00e3o jogar\u00e1 tamb\u00e9m contra Honduras, no dia 9 de junho, no Beira-Rio, em Porto Alegre.<\/p>\n\n\n\n<p>O Brasil estreia na Copa Am\u00e9rica, na partida de abertura da competi\u00e7\u00e3o, no dia 14 de junho, contra a Bol\u00edvia, no Est\u00e1dio do Morumbi, na cidade de S\u00e3o Paulo. Na fase de grupos do torneio, a sele\u00e7\u00e3o enfrentar\u00e1 ainda a Venezuela e o Peru nos dias 18 e 22 de junho, respectivamente.<\/p>\n","protected":false},"excerpt":{"rendered":"<p>A prepara\u00e7\u00e3o para a Copa Am\u00e9rica 2019 come\u00e7a nesta quarta-feira (22) com a chegada, na Granja Comary, em Teres\u00f3polis, na regi\u00e3o serrana no Rio de&hellip; <\/p>\n","protected":false},"author":1,"featured_media":79944,"comment_status":"closed","ping_status":"closed","sticky":false,"template":"","format":"standard","meta":{"sfsi_plus_gutenberg_text_before_share":"","sfsi_plus_gutenberg_show_text_before_share":"","sfsi_plus_gutenberg_icon_type":"","sfsi_plus_gutenberg_icon_alignemt":"","sfsi_plus_gutenburg_max_per_row":"","footnotes":""},"categories":[13],"tags":[],"class_list":["post-96064","post","type-post","status-publish","format-standard","has-post-thumbnail","hentry","category-esportes"],"_links":{"self":[{"href":"https:\/\/www.caririemacao.com\/1\/wp-json\/wp\/v2\/posts\/96064","targetHints":{"allow":["GET"]}}],"collection":[{"href":"https:\/\/www.caririemacao.com\/1\/wp-json\/wp\/v2\/posts"}],"about":[{"href":"https:\/\/www.caririemacao.com\/1\/wp-json\/wp\/v2\/types\/post"}],"author":[{"embeddable":true,"href":"https:\/\/www.caririemacao.com\/1\/wp-json\/wp\/v2\/users\/1"}],"replies":[{"embeddable":true,"href":"https:\/\/www.caririemacao.com\/1\/wp-json\/wp\/v2\/comments?post=96064"}],"version-history":[{"count":1,"href":"https:\/\/www.caririemacao.com\/1\/wp-json\/wp\/v2\/posts\/96064\/revisions"}],"predecessor-version":[{"id":96065,"href":"https:\/\/www.caririemacao.com\/1\/wp-json\/wp\/v2\/posts\/96064\/revisions\/96065"}],"wp:featuredmedia":[{"embeddable":true,"href":"https:\/\/www.caririemacao.com\/1\/wp-json\/wp\/v2\/media\/79944"}],"wp:attachment":[{"href":"https:\/\/www.caririemacao.com\/1\/wp-json\/wp\/v2\/media?parent=96064"}],"wp:term":[{"taxonomy":"category","embeddable":true,"href":"https:\/\/www.caririemacao.com\/1\/wp-json\/wp\/v2\/categories?post=96064"},{"taxonomy":"post_tag","embeddable":true,"href":"https:\/\/www.caririemacao.com\/1\/wp-json\/wp\/v2\/tags?post=96064"}],"curies":[{"name":"wp","href":"https:\/\/api.w.org\/{rel}","templated":true}]}}