{"id":96066,"date":"2019-05-22T12:59:49","date_gmt":"2019-05-22T15:59:49","guid":{"rendered":"http:\/\/www.caririemacao.com\/1\/?p=96066"},"modified":"2019-05-22T12:59:49","modified_gmt":"2019-05-22T15:59:49","slug":"paraiba-e-lancado-o-2o-concurso-de-redacao-do-se-liga-no-enem","status":"publish","type":"post","link":"https:\/\/www.caririemacao.com\/1\/2019\/05\/22\/paraiba-e-lancado-o-2o-concurso-de-redacao-do-se-liga-no-enem\/","title":{"rendered":"PARA\u00cdBA: \u00c9 lan\u00e7ado o 2\u00ba Concurso de Reda\u00e7\u00e3o do \u201cSe Liga no Enem\u201d"},"content":{"rendered":"\n<figure class=\"wp-block-image\"><img decoding=\"async\" data-src=\"http:\/\/paraibadebate.com.br\/wp-content\/uploads\/2019\/05\/unnamed-2-1200x800.jpg\" alt=\"\" src=\"data:image\/svg+xml;base64,PHN2ZyB3aWR0aD0iMSIgaGVpZ2h0PSIxIiB4bWxucz0iaHR0cDovL3d3dy53My5vcmcvMjAwMC9zdmciPjwvc3ZnPg==\" class=\"lazyload\" style=\"--smush-placeholder-width: 1200px; --smush-placeholder-aspect-ratio: 1200\/800;\" \/><\/figure>\n\n\n\n<p>Concurso de reda\u00e7\u00e3o \u2013 Foto: divulga\u00e7\u00e3o<\/p>\n\n\n\n<p>Nesta ter\u00e7a-feira-feira (21) foi lan\u00e7ado o edital para o 2\u00ba Concurso de Reda\u00e7\u00e3o com o tema \u201cEduca\u00e7\u00e3o emocional no combate \u00e0 ansiedade e \u00e0 depress\u00e3o\u201d. A a\u00e7\u00e3o do N\u00facleo de Reda\u00e7\u00e3o do programa \u201cSe Liga no Enem\u201d Para\u00edba \u00e9 destinada a todos os estudantes do 3\u00ba ano do Ensino M\u00e9dio da rede p\u00fablica de Educa\u00e7\u00e3o.<\/p>\n\n\n\n<p>O concurso tem o objetivo de valorizar e estimular a criatividade, o racioc\u00ednio, a leitura e o desenvolvimento da linguagem escrita em L\u00edngua Portuguesa. O edital est\u00e1 dispon\u00edvel no site do&nbsp;<a href=\"http:\/\/seliganoenem.pb.gov.br\/\">Se Liga no Enem<\/a>.<\/p>\n\n\n\n<p>Realizado pela secretaria de Estado da Educa\u00e7\u00e3o e da Ci\u00eancia e Tecnologia (SEECT), o concurso envolve todas as escolas do Ensino M\u00e9dio da p\u00fablica em quatro etapas, com a primeira acontecendo de 27 a 31 de maio. O tema ser\u00e1 discutido nas escolas. A segunda etapa \u00e9 a aplica\u00e7\u00e3o da reda\u00e7\u00e3o, que acontecer\u00e1 em cada unidade de ensino de 3 a 7 de junho.<\/p>\n\n\n\n<p>A segunda etapa \u00e9 a corre\u00e7\u00e3o e sele\u00e7\u00e3o das reda\u00e7\u00f5es. O professor de Reda\u00e7\u00e3o seleciona entre os estudantes a reda\u00e7\u00e3o com melhor desempenho, segundo as compet\u00eancias exigidas no Exame Nacional de Ensino M\u00e9dio (Enem) e envia para sua respectiva ger\u00eancia regional no prazo de 10 a 14 de junho. Cada escola pode enviar apenas uma reda\u00e7\u00e3o selecionada e cada estudante participa com apenas um texto.&nbsp;<\/p>\n\n\n\n<p>A terceira etapa \u00e9 realizada por cada uma das 14 Ger\u00eancias Regionais, que seleciona entre suas escolas as tr\u00eas melhores reda\u00e7\u00f5es e envia de 17 a 26 de junho para a Secretaria para concorrer na etapa estadual. O envio das reda\u00e7\u00f5es pela Ger\u00eancia para a etapa estadual \u00e9 feito pela Plataforma EAD, neste&nbsp;<a href=\"http:\/\/seliganoenem.pb.gov.br\/\" target=\"_blank\" rel=\"noreferrer noopener\">endere\u00e7o<\/a>, na se\u00e7\u00e3o \u2018Reda\u00e7\u00e3o Concurso\u2019, com o nome completo do discente e do orientador, identifica\u00e7\u00e3o da escola e da Ger\u00eancia.<\/p>\n\n\n\n<p>Atrav\u00e9s do N\u00facleo de Reda\u00e7\u00e3o \u00e9 feita a sele\u00e7\u00e3o das 10 melhores reda\u00e7\u00f5es das escolas da Rede Estadual. O concurso premia os tr\u00eas primeiros lugares entre estudantes e professores, com certificados, brindes e trof\u00e9us. Os 10 primeiros colocados recebem certificados.<\/p>\n\n\n\n<p><strong>Avalia\u00e7\u00f5es \u2013&nbsp;<\/strong>As reda\u00e7\u00f5es ser\u00e3o corrigidas por professores do N\u00facleo de Reda\u00e7\u00e3o do Ensino e da Plataforma EAD. Para classifica\u00e7\u00e3o, os textos passar\u00e3o por duas avalia\u00e7\u00f5es. Os crit\u00e9rios de corre\u00e7\u00e3o adotados ser\u00e3o os mesmos previstos pelo Instituto Nacional de Estudos e Pesquisas Educacionais An\u00edsio Teixeira (Inep). A Secretaria de Estado da Educa\u00e7\u00e3o e da Ci\u00eancia e Tecnologia ir\u00e1 divulgar os dez alunos classificados no dia 9 de julho.<br><\/p>\n\n\n\n<p>A reda\u00e7\u00e3o ser\u00e1 desclassificada caso fique constatado que n\u00e3o tenha sido elaborada pelo pr\u00f3prio concorrente inscrito (pl\u00e1gio), fuja do tema proposto ou n\u00e3o obede\u00e7a \u00e0 tipologia exigida. O tema da reda\u00e7\u00e3o ser\u00e1 \u201cEduca\u00e7\u00e3o emocional no combate \u00e0 ansiedade e \u00e0 depress\u00e3o\u201d. O t\u00edtulo \u00e9 opcional e o objetivo \u00e9 fazer com que o tema seja um convite \u00e0 reflex\u00e3o acerca de poss\u00edveis solu\u00e7\u00f5es para, por meio da educa\u00e7\u00e3o, combater as patologias que afligem a sociedade.<\/p>\n\n\n\n<p>Os concorrentes dever\u00e3o desenvolver a ideia sobre o tema em, no m\u00ednimo, 20 linhas e, no m\u00e1ximo, 30 linhas, \u00e0 caneta tinta preta, em papel pr\u00f3prio da Secretaria, a ser disponibilizado pelo N\u00facleo de Reda\u00e7\u00e3o. Os textos que n\u00e3o obedecerem aos limites de linha e n\u00e3o corresponderem ao tema determinado neste regulamento ser\u00e3o desclassificados automaticamente.<\/p>\n\n\n\n<p><strong>1\u00ba Concurso&nbsp;<\/strong>\u2013 &nbsp;A primeira edi\u00e7\u00e3o do concurso aconteceu no primeiro bimestre. A premia\u00e7\u00e3o dos estudantes vencedores foi realizada na cidade de Patos, no Se Liga No Enem Festival, no dia 11 de maio. A&nbsp;reda\u00e7\u00e3o&nbsp;teve como tema \u2018Viol\u00eancia na Escola\u2019. O primeiro lugar foi para o aluno da Escola Cidad\u00e3 Integral T\u00e9cnica Nobel Vita, em Coremas, Carlos Andr\u00e9 Ferreira&nbsp;de&nbsp;S\u00e1, que tirou 1.000 pontos.<\/p>\n","protected":false},"excerpt":{"rendered":"<p>Concurso de reda\u00e7\u00e3o \u2013 Foto: divulga\u00e7\u00e3o Nesta ter\u00e7a-feira-feira (21) foi lan\u00e7ado o edital para o 2\u00ba Concurso de Reda\u00e7\u00e3o com o tema \u201cEduca\u00e7\u00e3o emocional no&hellip; <\/p>\n","protected":false},"author":1,"featured_media":70370,"comment_status":"closed","ping_status":"closed","sticky":false,"template":"","format":"standard","meta":{"sfsi_plus_gutenberg_text_before_share":"","sfsi_plus_gutenberg_show_text_before_share":"","sfsi_plus_gutenberg_icon_type":"","sfsi_plus_gutenberg_icon_alignemt":"","sfsi_plus_gutenburg_max_per_row":"","footnotes":""},"categories":[2],"tags":[],"class_list":["post-96066","post","type-post","status-publish","format-standard","has-post-thumbnail","hentry","category-geral"],"_links":{"self":[{"href":"https:\/\/www.caririemacao.com\/1\/wp-json\/wp\/v2\/posts\/96066","targetHints":{"allow":["GET"]}}],"collection":[{"href":"https:\/\/www.caririemacao.com\/1\/wp-json\/wp\/v2\/posts"}],"about":[{"href":"https:\/\/www.caririemacao.com\/1\/wp-json\/wp\/v2\/types\/post"}],"author":[{"embeddable":true,"href":"https:\/\/www.caririemacao.com\/1\/wp-json\/wp\/v2\/users\/1"}],"replies":[{"embeddable":true,"href":"https:\/\/www.caririemacao.com\/1\/wp-json\/wp\/v2\/comments?post=96066"}],"version-history":[{"count":1,"href":"https:\/\/www.caririemacao.com\/1\/wp-json\/wp\/v2\/posts\/96066\/revisions"}],"predecessor-version":[{"id":96067,"href":"https:\/\/www.caririemacao.com\/1\/wp-json\/wp\/v2\/posts\/96066\/revisions\/96067"}],"wp:featuredmedia":[{"embeddable":true,"href":"https:\/\/www.caririemacao.com\/1\/wp-json\/wp\/v2\/media\/70370"}],"wp:attachment":[{"href":"https:\/\/www.caririemacao.com\/1\/wp-json\/wp\/v2\/media?parent=96066"}],"wp:term":[{"taxonomy":"category","embeddable":true,"href":"https:\/\/www.caririemacao.com\/1\/wp-json\/wp\/v2\/categories?post=96066"},{"taxonomy":"post_tag","embeddable":true,"href":"https:\/\/www.caririemacao.com\/1\/wp-json\/wp\/v2\/tags?post=96066"}],"curies":[{"name":"wp","href":"https:\/\/api.w.org\/{rel}","templated":true}]}}