{"id":96070,"date":"2019-05-22T13:08:15","date_gmt":"2019-05-22T16:08:15","guid":{"rendered":"http:\/\/www.caririemacao.com\/1\/?p=96070"},"modified":"2019-05-22T13:08:15","modified_gmt":"2019-05-22T16:08:15","slug":"reuniao-do-psb-com-joao-azevedo-projeta-partido-para-as-eleicoes-de-2020-diz-presidente","status":"publish","type":"post","link":"https:\/\/www.caririemacao.com\/1\/2019\/05\/22\/reuniao-do-psb-com-joao-azevedo-projeta-partido-para-as-eleicoes-de-2020-diz-presidente\/","title":{"rendered":"Reuni\u00e3o do PSB com Jo\u00e3o Azevedo projeta partido para as elei\u00e7\u00f5es de 2020, diz presidente"},"content":{"rendered":"\n<p>Cumprindo a delibera\u00e7\u00e3o da executiva estadual do PSB-Para\u00edba, aprovada por unanimidade no dia 13 de maio do corrente ano, a comiss\u00e3o formada naquela reuni\u00e3o estadual reuniu-se nesta segunda-feira (20) com o Governador Jo\u00e3o Azevedo (PSB), para tratar de assuntos relativos \u00e0 constru\u00e7\u00e3o da agenda, bem como os preparativos para as elei\u00e7\u00f5es de 2020, sendo avaliados como altamente positivos e construtivos os encaminhamentos deliberados.<\/p>\n\n\n\n<p>De acordo com o relato do Presidente estadual do PSB paraibano, e tamb\u00e9m membro da comiss\u00e3o partid\u00e1ria, Edvaldo Rosas, as conversa\u00e7\u00f5es em torno do projeto do partido para as elei\u00e7\u00f5es municipais de 2020 avan\u00e7aram em v\u00e1rias frentes, sendo proposta uma din\u00e2mica de avaliar constantemente o quadro partid\u00e1rio em todas as &nbsp;regi\u00f5es paraibanas, bem como a constru\u00e7\u00e3o de um diagn\u00f3stico pol\u00edtico de cada munic\u00edpio, para subsidiar a atua\u00e7\u00e3o do partido e de sua bancada no plano estadual, com vistas a pavimentar o caminho para a vit\u00f3ria do PSB na maioria dos munic\u00edpios paraibanos.<\/p>\n\n\n\n<p>De acordo com Rosas, o governador tamb\u00e9m considerou importante a realiza\u00e7\u00e3o desta reuni\u00e3o, sugerindo uma agenda de encontros com a Comiss\u00e3o \u2013 possivelmente quinzenais \u2013&nbsp; para acompanhar e avaliar os desdobramentos de cada a\u00e7\u00e3o a ser implementada.<\/p>\n\n\n\n<p>Rosas informou, ainda, que a participa\u00e7\u00e3o de todos os membros da Comiss\u00e3o nesta reuni\u00e3o com o governador foi muito importante para colocar o partido e a gest\u00e3o em sintonia com o que espera a popula\u00e7\u00e3o paraibana. \u201cNossa responsabilidade \u00e9 construir o caminho para uma grande vit\u00f3ria nas elei\u00e7\u00f5es de 2020, o que come\u00e7a a ser feito agora, com muitas m\u00e3os\u201d, concluiu.<\/p>\n","protected":false},"excerpt":{"rendered":"<p>Cumprindo a delibera\u00e7\u00e3o da executiva estadual do PSB-Para\u00edba, aprovada por unanimidade no dia 13 de maio do corrente ano, a comiss\u00e3o formada naquela reuni\u00e3o estadual&hellip; <\/p>\n","protected":false},"author":1,"featured_media":95024,"comment_status":"closed","ping_status":"closed","sticky":false,"template":"","format":"standard","meta":{"sfsi_plus_gutenberg_text_before_share":"","sfsi_plus_gutenberg_show_text_before_share":"","sfsi_plus_gutenberg_icon_type":"","sfsi_plus_gutenberg_icon_alignemt":"","sfsi_plus_gutenburg_max_per_row":"","footnotes":""},"categories":[11],"tags":[],"class_list":["post-96070","post","type-post","status-publish","format-standard","has-post-thumbnail","hentry","category-politica"],"_links":{"self":[{"href":"https:\/\/www.caririemacao.com\/1\/wp-json\/wp\/v2\/posts\/96070","targetHints":{"allow":["GET"]}}],"collection":[{"href":"https:\/\/www.caririemacao.com\/1\/wp-json\/wp\/v2\/posts"}],"about":[{"href":"https:\/\/www.caririemacao.com\/1\/wp-json\/wp\/v2\/types\/post"}],"author":[{"embeddable":true,"href":"https:\/\/www.caririemacao.com\/1\/wp-json\/wp\/v2\/users\/1"}],"replies":[{"embeddable":true,"href":"https:\/\/www.caririemacao.com\/1\/wp-json\/wp\/v2\/comments?post=96070"}],"version-history":[{"count":1,"href":"https:\/\/www.caririemacao.com\/1\/wp-json\/wp\/v2\/posts\/96070\/revisions"}],"predecessor-version":[{"id":96071,"href":"https:\/\/www.caririemacao.com\/1\/wp-json\/wp\/v2\/posts\/96070\/revisions\/96071"}],"wp:featuredmedia":[{"embeddable":true,"href":"https:\/\/www.caririemacao.com\/1\/wp-json\/wp\/v2\/media\/95024"}],"wp:attachment":[{"href":"https:\/\/www.caririemacao.com\/1\/wp-json\/wp\/v2\/media?parent=96070"}],"wp:term":[{"taxonomy":"category","embeddable":true,"href":"https:\/\/www.caririemacao.com\/1\/wp-json\/wp\/v2\/categories?post=96070"},{"taxonomy":"post_tag","embeddable":true,"href":"https:\/\/www.caririemacao.com\/1\/wp-json\/wp\/v2\/tags?post=96070"}],"curies":[{"name":"wp","href":"https:\/\/api.w.org\/{rel}","templated":true}]}}