{"id":96072,"date":"2019-05-22T15:17:35","date_gmt":"2019-05-22T18:17:35","guid":{"rendered":"http:\/\/www.caririemacao.com\/1\/?p=96072"},"modified":"2019-05-22T15:17:35","modified_gmt":"2019-05-22T18:17:35","slug":"sao-paulo-tem-a-menor-temperatura-do-ano-15-graus","status":"publish","type":"post","link":"https:\/\/www.caririemacao.com\/1\/2019\/05\/22\/sao-paulo-tem-a-menor-temperatura-do-ano-15-graus\/","title":{"rendered":"S\u00e3o Paulo tem a menor temperatura do ano: 15 graus"},"content":{"rendered":"\n<p>A capital paulista registrou ontem (21) a menor temperatura do ano, ao atingir 15 graus. A m\u00ednima registrada anteriormente foi no dia 19 de abril, com 15,6\u00b0C.<\/p>\n\n\n\n<p>A partir da pr\u00f3xima sexta-feira, as temperaturas devem cair ainda mais com a chegada de uma frente fria ao estado. O frio deve ser de 10 graus no pr\u00f3ximo fim de semana.<\/p>\n\n\n\n<p>\u201cA massa de ar frio prevista n\u00e3o \u00e9 singularmente intensa para o m\u00eas de maio, mas por neste ano a temperaturas m\u00ednimas estarem apresentando desvios constantes em rela\u00e7\u00e3o \u00e0 m\u00e9dia, a queda de temperatura que vir\u00e1 com ventos moderados a intensos com sensa\u00e7\u00e3o de temperatura menor\u201d, disse hoje (22) o meteorologista do Instituto Nacional de Meteorologia (InMet), Franco Nadal Junnqueira Villela.<\/p>\n\n\n\n<p><strong>Previs\u00e3o<\/strong><\/p>\n\n\n\n<p>Na quarta-feira, a nebulosidade aumenta no sul e sudoeste paulista, podendo haver pancadas isoladas de chuva por conta da aproxima\u00e7\u00e3o da uma frente fria. Nas outras \u00e1reas do estado predomina o tempo est\u00e1vel com poucas nuvens e baixa umidade relativa do ar.<\/p>\n\n\n\n<p>Quinta-feira a frente fria chega a S\u00e3o Paulo vindo do Paran\u00e1 e de Mato Grosso do Sul, podendo causar pancadas de chuva nas regi\u00f5es vizinhas a esses estados.<\/p>\n\n\n\n<p>Devido ao forte calor \u00e0 tarde, \u00e9 poss\u00edvel que chova no restante do estado, de forma mais isolada especialmente \u00e0 noite.<\/p>\n\n\n\n<p>Na sexta-feira, a frente fria cruza o estado favorecendo a ocorr\u00eancia de chuvas e ventos de moderada a forte intensidade, seguida de decl\u00ednio acentuado de temperaturas.<\/p>\n\n\n\n<p>S\u00e1bado ter\u00e1 o amanhecer mais frio do ano, com forma\u00e7\u00e3o de n\u00e9voa \u00famida no centro-leste e predom\u00ednio de sol no decorrer do dia<\/p>\n","protected":false},"excerpt":{"rendered":"<p>A capital paulista registrou ontem (21) a menor temperatura do ano, ao atingir 15 graus. A m\u00ednima registrada anteriormente foi no dia 19 de abril,&hellip; <\/p>\n","protected":false},"author":1,"featured_media":96073,"comment_status":"closed","ping_status":"closed","sticky":false,"template":"","format":"standard","meta":{"sfsi_plus_gutenberg_text_before_share":"","sfsi_plus_gutenberg_show_text_before_share":"","sfsi_plus_gutenberg_icon_type":"","sfsi_plus_gutenberg_icon_alignemt":"","sfsi_plus_gutenburg_max_per_row":"","footnotes":""},"categories":[2],"tags":[],"class_list":["post-96072","post","type-post","status-publish","format-standard","has-post-thumbnail","hentry","category-geral"],"_links":{"self":[{"href":"https:\/\/www.caririemacao.com\/1\/wp-json\/wp\/v2\/posts\/96072","targetHints":{"allow":["GET"]}}],"collection":[{"href":"https:\/\/www.caririemacao.com\/1\/wp-json\/wp\/v2\/posts"}],"about":[{"href":"https:\/\/www.caririemacao.com\/1\/wp-json\/wp\/v2\/types\/post"}],"author":[{"embeddable":true,"href":"https:\/\/www.caririemacao.com\/1\/wp-json\/wp\/v2\/users\/1"}],"replies":[{"embeddable":true,"href":"https:\/\/www.caririemacao.com\/1\/wp-json\/wp\/v2\/comments?post=96072"}],"version-history":[{"count":1,"href":"https:\/\/www.caririemacao.com\/1\/wp-json\/wp\/v2\/posts\/96072\/revisions"}],"predecessor-version":[{"id":96074,"href":"https:\/\/www.caririemacao.com\/1\/wp-json\/wp\/v2\/posts\/96072\/revisions\/96074"}],"wp:featuredmedia":[{"embeddable":true,"href":"https:\/\/www.caririemacao.com\/1\/wp-json\/wp\/v2\/media\/96073"}],"wp:attachment":[{"href":"https:\/\/www.caririemacao.com\/1\/wp-json\/wp\/v2\/media?parent=96072"}],"wp:term":[{"taxonomy":"category","embeddable":true,"href":"https:\/\/www.caririemacao.com\/1\/wp-json\/wp\/v2\/categories?post=96072"},{"taxonomy":"post_tag","embeddable":true,"href":"https:\/\/www.caririemacao.com\/1\/wp-json\/wp\/v2\/tags?post=96072"}],"curies":[{"name":"wp","href":"https:\/\/api.w.org\/{rel}","templated":true}]}}